{"id":9962,"date":"2024-05-29T13:36:08","date_gmt":"2024-05-29T11:36:08","guid":{"rendered":"https:\/\/blogsaverroes.juntadeandalucia.es\/ieslagranja\/?p=9962"},"modified":"2024-05-29T13:40:40","modified_gmt":"2024-05-29T11:40:40","slug":"frutos-del-trabajo-del-alumnado-de-grado-basico","status":"publish","type":"post","link":"https:\/\/blogsaverroes.juntadeandalucia.es\/ieslagranja\/frutos-del-trabajo-del-alumnado-de-grado-basico\/","title":{"rendered":"Frutos del trabajo del alumnado de Grado B\u00e1sico"},"content":{"rendered":"<p>El trabajo del alumnado de Formaci\u00f3n de Grado B\u00e1sico de Jardiner\u00eda y Composiciones Florales sigue dando sus frutos. En las siguientes im\u00e1genes podemos ver: pimientos de guiso, fresas, melones, sand\u00eda y calabaza.<\/p>\n<p style=\"text-align: center\"><a href=\"https:\/\/blogsaverroes.juntadeandalucia.es\/ieslagranja\/files\/2024\/05\/a1.jpeg\"><img loading=\"lazy\" decoding=\"async\" class=\"alignnone size-large wp-image-9965\" src=\"https:\/\/blogsaverroes.juntadeandalucia.es\/ieslagranja\/files\/2024\/05\/a1-768x1024.jpeg\" alt=\"\" width=\"768\" height=\"1024\" srcset=\"https:\/\/blogsaverroes.juntadeandalucia.es\/ieslagranja\/files\/2024\/05\/a1-768x1024.jpeg 768w, https:\/\/blogsaverroes.juntadeandalucia.es\/ieslagranja\/files\/2024\/05\/a1-225x300.jpeg 225w, https:\/\/blogsaverroes.juntadeandalucia.es\/ieslagranja\/files\/2024\/05\/a1-1152x1536.jpeg 1152w, https:\/\/blogsaverroes.juntadeandalucia.es\/ieslagranja\/files\/2024\/05\/a1.jpeg 1200w\" sizes=\"(max-width: 768px) 100vw, 768px\" \/><\/a> <a href=\"https:\/\/blogsaverroes.juntadeandalucia.es\/ieslagranja\/files\/2024\/05\/a2.jpeg\"><img loading=\"lazy\" decoding=\"async\" class=\"alignnone size-large wp-image-9966\" src=\"https:\/\/blogsaverroes.juntadeandalucia.es\/ieslagranja\/files\/2024\/05\/a2-576x1024.jpeg\" alt=\"\" width=\"576\" height=\"1024\" srcset=\"https:\/\/blogsaverroes.juntadeandalucia.es\/ieslagranja\/files\/2024\/05\/a2-576x1024.jpeg 576w, https:\/\/blogsaverroes.juntadeandalucia.es\/ieslagranja\/files\/2024\/05\/a2-169x300.jpeg 169w, https:\/\/blogsaverroes.juntadeandalucia.es\/ieslagranja\/files\/2024\/05\/a2-768x1366.jpeg 768w, https:\/\/blogsaverroes.juntadeandalucia.es\/ieslagranja\/files\/2024\/05\/a2-864x1536.jpeg 864w, https:\/\/blogsaverroes.juntadeandalucia.es\/ieslagranja\/files\/2024\/05\/a2.jpeg 899w\" sizes=\"(max-width: 576px) 100vw, 576px\" \/><\/a> <a href=\"https:\/\/blogsaverroes.juntadeandalucia.es\/ieslagranja\/files\/2024\/05\/a3.jpeg\"><img loading=\"lazy\" decoding=\"async\" class=\"alignnone size-large wp-image-9967\" src=\"https:\/\/blogsaverroes.juntadeandalucia.es\/ieslagranja\/files\/2024\/05\/a3-576x1024.jpeg\" alt=\"\" width=\"576\" height=\"1024\" srcset=\"https:\/\/blogsaverroes.juntadeandalucia.es\/ieslagranja\/files\/2024\/05\/a3-576x1024.jpeg 576w, https:\/\/blogsaverroes.juntadeandalucia.es\/ieslagranja\/files\/2024\/05\/a3-169x300.jpeg 169w, https:\/\/blogsaverroes.juntadeandalucia.es\/ieslagranja\/files\/2024\/05\/a3-768x1366.jpeg 768w, https:\/\/blogsaverroes.juntadeandalucia.es\/ieslagranja\/files\/2024\/05\/a3-864x1536.jpeg 864w, https:\/\/blogsaverroes.juntadeandalucia.es\/ieslagranja\/files\/2024\/05\/a3.jpeg 899w\" sizes=\"(max-width: 576px) 100vw, 576px\" \/><\/a> <a href=\"https:\/\/blogsaverroes.juntadeandalucia.es\/ieslagranja\/files\/2024\/05\/a4.jpeg\"><img loading=\"lazy\" decoding=\"async\" class=\"alignnone size-large wp-image-9968\" src=\"https:\/\/blogsaverroes.juntadeandalucia.es\/ieslagranja\/files\/2024\/05\/a4-576x1024.jpeg\" alt=\"\" width=\"576\" height=\"1024\" srcset=\"https:\/\/blogsaverroes.juntadeandalucia.es\/ieslagranja\/files\/2024\/05\/a4-576x1024.jpeg 576w, https:\/\/blogsaverroes.juntadeandalucia.es\/ieslagranja\/files\/2024\/05\/a4-169x300.jpeg 169w, https:\/\/blogsaverroes.juntadeandalucia.es\/ieslagranja\/files\/2024\/05\/a4-768x1366.jpeg 768w, https:\/\/blogsaverroes.juntadeandalucia.es\/ieslagranja\/files\/2024\/05\/a4-864x1536.jpeg 864w, https:\/\/blogsaverroes.juntadeandalucia.es\/ieslagranja\/files\/2024\/05\/a4.jpeg 899w\" sizes=\"(max-width: 576px) 100vw, 576px\" \/><\/a> <a href=\"https:\/\/blogsaverroes.juntadeandalucia.es\/ieslagranja\/files\/2024\/05\/a5.jpeg\"><img loading=\"lazy\" decoding=\"async\" class=\"alignnone size-large wp-image-9969\" src=\"https:\/\/blogsaverroes.juntadeandalucia.es\/ieslagranja\/files\/2024\/05\/a5-576x1024.jpeg\" alt=\"\" width=\"576\" height=\"1024\" srcset=\"https:\/\/blogsaverroes.juntadeandalucia.es\/ieslagranja\/files\/2024\/05\/a5-576x1024.jpeg 576w, https:\/\/blogsaverroes.juntadeandalucia.es\/ieslagranja\/files\/2024\/05\/a5-169x300.jpeg 169w, https:\/\/blogsaverroes.juntadeandalucia.es\/ieslagranja\/files\/2024\/05\/a5-768x1366.jpeg 768w, https:\/\/blogsaverroes.juntadeandalucia.es\/ieslagranja\/files\/2024\/05\/a5-864x1536.jpeg 864w, https:\/\/blogsaverroes.juntadeandalucia.es\/ieslagranja\/files\/2024\/05\/a5.jpeg 899w\" sizes=\"(max-width: 576px) 100vw, 576px\" \/><\/a><\/p>\n","protected":false},"excerpt":{"rendered":"<p>El trabajo del alumnado de Formaci\u00f3n de Grado B\u00e1sico de Jardiner\u00eda y Composiciones Florales sigue dando sus frutos. En las siguientes im\u00e1genes podemos ver: pimientos de guiso, fresas, melones, sand\u00eda y calabaza.<\/p>\n","protected":false},"author":11116,"featured_media":9965,"comment_status":"closed","ping_status":"closed","sticky":false,"template":"","format":"standard","meta":{"ngg_post_thumbnail":0,"footnotes":""},"categories":[2351654],"tags":[],"aioseo_notices":[],"_links":{"self":[{"href":"https:\/\/blogsaverroes.juntadeandalucia.es\/ieslagranja\/wp-json\/wp\/v2\/posts\/9962"}],"collection":[{"href":"https:\/\/blogsaverroes.juntadeandalucia.es\/ieslagranja\/wp-json\/wp\/v2\/posts"}],"about":[{"href":"https:\/\/blogsaverroes.juntadeandalucia.es\/ieslagranja\/wp-json\/wp\/v2\/types\/post"}],"author":[{"embeddable":true,"href":"https:\/\/blogsaverroes.juntadeandalucia.es\/ieslagranja\/wp-json\/wp\/v2\/users\/11116"}],"replies":[{"embeddable":true,"href":"https:\/\/blogsaverroes.juntadeandalucia.es\/ieslagranja\/wp-json\/wp\/v2\/comments?post=9962"}],"version-history":[{"count":3,"href":"https:\/\/blogsaverroes.juntadeandalucia.es\/ieslagranja\/wp-json\/wp\/v2\/posts\/9962\/revisions"}],"predecessor-version":[{"id":9970,"href":"https:\/\/blogsaverroes.juntadeandalucia.es\/ieslagranja\/wp-json\/wp\/v2\/posts\/9962\/revisions\/9970"}],"wp:featuredmedia":[{"embeddable":true,"href":"https:\/\/blogsaverroes.juntadeandalucia.es\/ieslagranja\/wp-json\/wp\/v2\/media\/9965"}],"wp:attachment":[{"href":"https:\/\/blogsaverroes.juntadeandalucia.es\/ieslagranja\/wp-json\/wp\/v2\/media?parent=9962"}],"wp:term":[{"taxonomy":"category","embeddable":true,"href":"https:\/\/blogsaverroes.juntadeandalucia.es\/ieslagranja\/wp-json\/wp\/v2\/categories?post=9962"},{"taxonomy":"post_tag","embeddable":true,"href":"https:\/\/blogsaverroes.juntadeandalucia.es\/ieslagranja\/wp-json\/wp\/v2\/tags?post=9962"}],"curies":[{"name":"wp","href":"https:\/\/api.w.org\/{rel}","templated":true}]}}