{"id":4063,"date":"2021-06-11T17:34:30","date_gmt":"2021-06-11T17:34:30","guid":{"rendered":"http:\/\/blogsaverroes.juntadeandalucia.es\/ieslajarcia\/?p=4063"},"modified":"2021-06-11T17:34:30","modified_gmt":"2021-06-11T17:34:30","slug":"estudiando-el-eclipse-solar","status":"publish","type":"post","link":"https:\/\/blogsaverroes.juntadeandalucia.es\/ieslajarcia\/estudiando-el-eclipse-solar\/","title":{"rendered":"Estudiando el Eclipse Solar"},"content":{"rendered":"<p>Este jueves 10 de junio, el alumnado del centro pudo observar y analizar el eclipse solar acaecido durante la ma\u00f1ana de dicho d\u00eda. Una actividad organizada por miembros de los departamentos de Ciencias Naturales, Geograf\u00eda e Historia y Matem\u00e1ticas.<\/p>\n<p>\u00a1Muchas gracias a Alberto, Mar\u00eda y M\u00f3nica por su trabajo e iniciativa, as\u00ed como al resto de docentes y alumnado del IES La Jarcia por su colaboraci\u00f3n!<\/p>\n","protected":false},"excerpt":{"rendered":"<p>Este jueves 10 de junio, el alumnado del centro pudo observar y analizar el eclipse solar acaecido durante la ma\u00f1ana de dicho d\u00eda. Una actividad organizada por miembros de los&#46;&#46;&#46;<\/p>\n","protected":false},"author":2045,"featured_media":4064,"comment_status":"open","ping_status":"open","sticky":false,"template":"","format":"standard","meta":{"ngg_post_thumbnail":0,"footnotes":""},"categories":[623907,5991,1161,468267,25503,25506,526],"tags":[],"aioseo_notices":[],"post_mailing_queue_ids":[],"_links":{"self":[{"href":"https:\/\/blogsaverroes.juntadeandalucia.es\/ieslajarcia\/wp-json\/wp\/v2\/posts\/4063"}],"collection":[{"href":"https:\/\/blogsaverroes.juntadeandalucia.es\/ieslajarcia\/wp-json\/wp\/v2\/posts"}],"about":[{"href":"https:\/\/blogsaverroes.juntadeandalucia.es\/ieslajarcia\/wp-json\/wp\/v2\/types\/post"}],"author":[{"embeddable":true,"href":"https:\/\/blogsaverroes.juntadeandalucia.es\/ieslajarcia\/wp-json\/wp\/v2\/users\/2045"}],"replies":[{"embeddable":true,"href":"https:\/\/blogsaverroes.juntadeandalucia.es\/ieslajarcia\/wp-json\/wp\/v2\/comments?post=4063"}],"version-history":[{"count":1,"href":"https:\/\/blogsaverroes.juntadeandalucia.es\/ieslajarcia\/wp-json\/wp\/v2\/posts\/4063\/revisions"}],"predecessor-version":[{"id":4065,"href":"https:\/\/blogsaverroes.juntadeandalucia.es\/ieslajarcia\/wp-json\/wp\/v2\/posts\/4063\/revisions\/4065"}],"wp:featuredmedia":[{"embeddable":true,"href":"https:\/\/blogsaverroes.juntadeandalucia.es\/ieslajarcia\/wp-json\/wp\/v2\/media\/4064"}],"wp:attachment":[{"href":"https:\/\/blogsaverroes.juntadeandalucia.es\/ieslajarcia\/wp-json\/wp\/v2\/media?parent=4063"}],"wp:term":[{"taxonomy":"category","embeddable":true,"href":"https:\/\/blogsaverroes.juntadeandalucia.es\/ieslajarcia\/wp-json\/wp\/v2\/categories?post=4063"},{"taxonomy":"post_tag","embeddable":true,"href":"https:\/\/blogsaverroes.juntadeandalucia.es\/ieslajarcia\/wp-json\/wp\/v2\/tags?post=4063"}],"curies":[{"name":"wp","href":"https:\/\/api.w.org\/{rel}","templated":true}]}}