{"id":8220,"date":"2025-03-05T10:53:32","date_gmt":"2025-03-05T09:53:32","guid":{"rendered":"https:\/\/blogsaverroes.juntadeandalucia.es\/ieslajarcia\/?p=8220"},"modified":"2025-03-05T10:53:32","modified_gmt":"2025-03-05T09:53:32","slug":"quienes-somos","status":"publish","type":"post","link":"https:\/\/blogsaverroes.juntadeandalucia.es\/ieslajarcia\/quienes-somos\/","title":{"rendered":"\u00bfQui\u00e9nes somos?"},"content":{"rendered":"<p>\u00bfQuieren saber m\u00e1s de nosotros? Nuestras se\u00f1as de identidad, nuestros programas, nuestras instalaciones&#8230;<\/p>\n<p>El pr\u00f3ximo lunes 10 de marzo a las 5 de la tarde recibiremos a todas las familias interesadas en conocer nuestro centro. La charla y la visita ir\u00e1n enfocadas principalmente al alumnado que se matricula en 1\u00ba de ESO. Est\u00e1n ustedes invitados.&nbsp;<\/p>\n<p>Tambi\u00e9n pueden visitar nuestra p\u00e1gina de Instagram:&nbsp;<\/p>\n<h2 class=\"x1lliihq x1plvlek xryxfnj x1n2onr6 x1ji0vk5 x18bv5gf x193iq5w xeuugli x1fj9vlw x13faqbe x1vvkbs x1s928wv xhkezso x1gmr53x x1cpjm7i x1fgarty x1943h6x x1i0vuye x1ms8i2q xo1l8bm x5n08af x10wh9bi x1wdrske x8viiok x18hxmgj\" dir=\"auto\"><span class=\"x1lliihq x193iq5w x6ikm8r x10wlt62 xlyipyv xuxw1ft\">ies_la_jarcia<\/span><\/h2>\n<p>Les esperamos.<\/p>\n","protected":false},"excerpt":{"rendered":"<p>\u00bfQuieren saber m\u00e1s de nosotros? Nuestras se\u00f1as de identidad, nuestros programas, nuestras instalaciones&#8230; El pr\u00f3ximo lunes 10 de marzo a las 5 de la tarde recibiremos a todas las familias&#46;&#46;&#46;<\/p>\n","protected":false},"author":2045,"featured_media":2389,"comment_status":"open","ping_status":"open","sticky":false,"template":"","format":"standard","meta":{"ngg_post_thumbnail":0,"footnotes":""},"categories":[11909],"tags":[],"aioseo_notices":[],"post_mailing_queue_ids":[],"_links":{"self":[{"href":"https:\/\/blogsaverroes.juntadeandalucia.es\/ieslajarcia\/wp-json\/wp\/v2\/posts\/8220"}],"collection":[{"href":"https:\/\/blogsaverroes.juntadeandalucia.es\/ieslajarcia\/wp-json\/wp\/v2\/posts"}],"about":[{"href":"https:\/\/blogsaverroes.juntadeandalucia.es\/ieslajarcia\/wp-json\/wp\/v2\/types\/post"}],"author":[{"embeddable":true,"href":"https:\/\/blogsaverroes.juntadeandalucia.es\/ieslajarcia\/wp-json\/wp\/v2\/users\/2045"}],"replies":[{"embeddable":true,"href":"https:\/\/blogsaverroes.juntadeandalucia.es\/ieslajarcia\/wp-json\/wp\/v2\/comments?post=8220"}],"version-history":[{"count":1,"href":"https:\/\/blogsaverroes.juntadeandalucia.es\/ieslajarcia\/wp-json\/wp\/v2\/posts\/8220\/revisions"}],"predecessor-version":[{"id":8221,"href":"https:\/\/blogsaverroes.juntadeandalucia.es\/ieslajarcia\/wp-json\/wp\/v2\/posts\/8220\/revisions\/8221"}],"wp:featuredmedia":[{"embeddable":true,"href":"https:\/\/blogsaverroes.juntadeandalucia.es\/ieslajarcia\/wp-json\/wp\/v2\/media\/2389"}],"wp:attachment":[{"href":"https:\/\/blogsaverroes.juntadeandalucia.es\/ieslajarcia\/wp-json\/wp\/v2\/media?parent=8220"}],"wp:term":[{"taxonomy":"category","embeddable":true,"href":"https:\/\/blogsaverroes.juntadeandalucia.es\/ieslajarcia\/wp-json\/wp\/v2\/categories?post=8220"},{"taxonomy":"post_tag","embeddable":true,"href":"https:\/\/blogsaverroes.juntadeandalucia.es\/ieslajarcia\/wp-json\/wp\/v2\/tags?post=8220"}],"curies":[{"name":"wp","href":"https:\/\/api.w.org\/{rel}","templated":true}]}}