{"id":3717,"date":"2020-03-02T18:23:28","date_gmt":"2020-03-02T18:23:28","guid":{"rendered":"http:\/\/blogsaverroes.juntadeandalucia.es\/ieslaribera\/?p=3717"},"modified":"2020-03-02T18:26:36","modified_gmt":"2020-03-02T18:26:36","slug":"27f-dia-de-andalucia","status":"publish","type":"post","link":"https:\/\/blogsaverroes.juntadeandalucia.es\/ieslaribera\/27f-dia-de-andalucia\/","title":{"rendered":"27F  D\u00eda de Andaluc\u00eda"},"content":{"rendered":"<p>El d\u00eda 27 de Febrero el IES La Ribera celebra el d\u00eda de Andaluc\u00eda con diferentes actividades extraescolares, desayuno saludable a cargo de nuestro AMPA, charla con Roc\u00edo del Mar Castellano, alcaldesa de Almonte, varios concursos, juegos populares, ajedrez, actividades en el huerto, construcci\u00f3n de mosaico, competiciones deportivas, etc.<\/p>\nngg_shortcode_0_placeholder\n","protected":false},"excerpt":{"rendered":"<p>El d\u00eda 27 de Febrero el IES La Ribera celebra el d\u00eda de Andaluc\u00eda con diferentes actividades extraescolares, desayuno saludable a cargo de nuestro AMPA, charla con Roc\u00edo del Mar Castellano, alcaldesa de Almonte,&#46;&#46;&#46;<\/p>\n","protected":false},"author":1988,"featured_media":3742,"comment_status":"open","ping_status":"open","sticky":false,"template":"","format":"standard","meta":{"ngg_post_thumbnail":0,"footnotes":""},"categories":[33],"tags":[],"aioseo_notices":[],"_links":{"self":[{"href":"https:\/\/blogsaverroes.juntadeandalucia.es\/ieslaribera\/wp-json\/wp\/v2\/posts\/3717"}],"collection":[{"href":"https:\/\/blogsaverroes.juntadeandalucia.es\/ieslaribera\/wp-json\/wp\/v2\/posts"}],"about":[{"href":"https:\/\/blogsaverroes.juntadeandalucia.es\/ieslaribera\/wp-json\/wp\/v2\/types\/post"}],"author":[{"embeddable":true,"href":"https:\/\/blogsaverroes.juntadeandalucia.es\/ieslaribera\/wp-json\/wp\/v2\/users\/1988"}],"replies":[{"embeddable":true,"href":"https:\/\/blogsaverroes.juntadeandalucia.es\/ieslaribera\/wp-json\/wp\/v2\/comments?post=3717"}],"version-history":[{"count":2,"href":"https:\/\/blogsaverroes.juntadeandalucia.es\/ieslaribera\/wp-json\/wp\/v2\/posts\/3717\/revisions"}],"predecessor-version":[{"id":3745,"href":"https:\/\/blogsaverroes.juntadeandalucia.es\/ieslaribera\/wp-json\/wp\/v2\/posts\/3717\/revisions\/3745"}],"wp:featuredmedia":[{"embeddable":true,"href":"https:\/\/blogsaverroes.juntadeandalucia.es\/ieslaribera\/wp-json\/wp\/v2\/media\/3742"}],"wp:attachment":[{"href":"https:\/\/blogsaverroes.juntadeandalucia.es\/ieslaribera\/wp-json\/wp\/v2\/media?parent=3717"}],"wp:term":[{"taxonomy":"category","embeddable":true,"href":"https:\/\/blogsaverroes.juntadeandalucia.es\/ieslaribera\/wp-json\/wp\/v2\/categories?post=3717"},{"taxonomy":"post_tag","embeddable":true,"href":"https:\/\/blogsaverroes.juntadeandalucia.es\/ieslaribera\/wp-json\/wp\/v2\/tags?post=3717"}],"curies":[{"name":"wp","href":"https:\/\/api.w.org\/{rel}","templated":true}]}}