{"id":5605,"date":"2024-11-04T17:27:48","date_gmt":"2024-11-04T17:27:48","guid":{"rendered":"https:\/\/blogsaverroes.juntadeandalucia.es\/ieslaribera\/?p=5605"},"modified":"2024-11-04T17:27:48","modified_gmt":"2024-11-04T17:27:48","slug":"charlas-inteligencia-emocional","status":"publish","type":"post","link":"https:\/\/blogsaverroes.juntadeandalucia.es\/ieslaribera\/charlas-inteligencia-emocional\/","title":{"rendered":"Charlas Inteligencia Emocional"},"content":{"rendered":"<p>Durante los d\u00edas 14 y 31 de octubre, la Asociaci\u00f3n sin \u00e1nimo de lucro \u201cAndaluc\u00eda por la Ense\u00f1anza P\u00fablica\u201d ha impartido a nuestro alumnado de 4\u00ba ESO, en las horas de tutor\u00eda, charlas sobre Inteligencia Emocional y sensibilizaci\u00f3n intercultural, con el fin de que nuestro alumnado genere actitudes de respeto y comprensi\u00f3n hacia los dem\u00e1s.<\/p>\n<p>Se ha tratado de familiarizar y sensibilizar al alumnado con conceptos como inteligencia emocional, inteligencia racional, responsabilidad social y emociones b\u00e1sicas (alegr\u00eda, sorpresa, enfado, miedo, asco, tristeza).<\/p>\n<p>La charla ha sabido despertar el inter\u00e9s y la conciencia de nuestro alumnado gracias en gran medida a la cercan\u00eda y dedicaci\u00f3n del ponente Carlos.<\/p>\n<p>Desde orientaci\u00f3n hacemos una valoraci\u00f3n muy positiva de la actividad dada la acogida tan favorable que ha tenido tanto por parte del alumnado como profesorado asistente a la misma.<\/p>\n\n\t\t<style>\n\t\t\t#gallery-1 {\n\t\t\t\tmargin: auto;\n\t\t\t}\n\t\t\t#gallery-1 .gallery-item {\n\t\t\t\tfloat: left;\n\t\t\t\tmargin-top: 10px;\n\t\t\t\ttext-align: center;\n\t\t\t\twidth: 33%;\n\t\t\t}\n\t\t\t#gallery-1 img {\n\t\t\t\tborder: 2px solid #cfcfcf;\n\t\t\t}\n\t\t\t#gallery-1 .gallery-caption {\n\t\t\t\tmargin-left: 0;\n\t\t\t}\n\t\t\t\/* see gallery_shortcode() in wp-includes\/media.php *\/\n\t\t<\/style>\n\t\t<div id='gallery-1' class='gallery galleryid-5605 gallery-columns-3 gallery-size-thumbnail'><dl class='gallery-item'>\n\t\t\t<dt class='gallery-icon portrait'>\n\t\t\t\t<a href='https:\/\/blogsaverroes.juntadeandalucia.es\/ieslaribera\/charlas-inteligencia-emocional\/whatsapp-image-2024-11-04-at-13-28-411\/'><img decoding=\"async\" width=\"150\" height=\"150\" src=\"https:\/\/blogsaverroes.juntadeandalucia.es\/ieslaribera\/files\/2024\/11\/WhatsApp-Image-2024-11-04-at-13.28.411-150x150.jpeg\" class=\"attachment-thumbnail size-thumbnail\" alt=\"\" srcset=\"https:\/\/blogsaverroes.juntadeandalucia.es\/ieslaribera\/files\/2024\/11\/WhatsApp-Image-2024-11-04-at-13.28.411-150x150.jpeg 150w, https:\/\/blogsaverroes.juntadeandalucia.es\/ieslaribera\/files\/2024\/11\/WhatsApp-Image-2024-11-04-at-13.28.411-80x80.jpeg 80w, https:\/\/blogsaverroes.juntadeandalucia.es\/ieslaribera\/files\/2024\/11\/WhatsApp-Image-2024-11-04-at-13.28.411-320x320.jpeg 320w\" sizes=\"(max-width: 150px) 100vw, 150px\" \/><\/a>\n\t\t\t<\/dt><\/dl><dl class='gallery-item'>\n\t\t\t<dt class='gallery-icon portrait'>\n\t\t\t\t<a href='https:\/\/blogsaverroes.juntadeandalucia.es\/ieslaribera\/charlas-inteligencia-emocional\/whatsapp-image-2024-11-04-at-13-28-41\/'><img decoding=\"async\" width=\"150\" height=\"150\" src=\"https:\/\/blogsaverroes.juntadeandalucia.es\/ieslaribera\/files\/2024\/11\/WhatsApp-Image-2024-11-04-at-13.28.41-150x150.jpeg\" class=\"attachment-thumbnail size-thumbnail\" alt=\"\" srcset=\"https:\/\/blogsaverroes.juntadeandalucia.es\/ieslaribera\/files\/2024\/11\/WhatsApp-Image-2024-11-04-at-13.28.41-150x150.jpeg 150w, https:\/\/blogsaverroes.juntadeandalucia.es\/ieslaribera\/files\/2024\/11\/WhatsApp-Image-2024-11-04-at-13.28.41-80x80.jpeg 80w, https:\/\/blogsaverroes.juntadeandalucia.es\/ieslaribera\/files\/2024\/11\/WhatsApp-Image-2024-11-04-at-13.28.41-320x320.jpeg 320w\" sizes=\"(max-width: 150px) 100vw, 150px\" \/><\/a>\n\t\t\t<\/dt><\/dl><dl class='gallery-item'>\n\t\t\t<dt class='gallery-icon portrait'>\n\t\t\t\t<a href='https:\/\/blogsaverroes.juntadeandalucia.es\/ieslaribera\/charlas-inteligencia-emocional\/whatsapp-image-2024-11-04-at-13-28-40\/'><img decoding=\"async\" width=\"150\" height=\"150\" src=\"https:\/\/blogsaverroes.juntadeandalucia.es\/ieslaribera\/files\/2024\/11\/WhatsApp-Image-2024-11-04-at-13.28.40-150x150.jpeg\" class=\"attachment-thumbnail size-thumbnail\" alt=\"\" srcset=\"https:\/\/blogsaverroes.juntadeandalucia.es\/ieslaribera\/files\/2024\/11\/WhatsApp-Image-2024-11-04-at-13.28.40-150x150.jpeg 150w, https:\/\/blogsaverroes.juntadeandalucia.es\/ieslaribera\/files\/2024\/11\/WhatsApp-Image-2024-11-04-at-13.28.40-80x80.jpeg 80w, https:\/\/blogsaverroes.juntadeandalucia.es\/ieslaribera\/files\/2024\/11\/WhatsApp-Image-2024-11-04-at-13.28.40-320x320.jpeg 320w\" sizes=\"(max-width: 150px) 100vw, 150px\" \/><\/a>\n\t\t\t<\/dt><\/dl><br style=\"clear: both\" \/><dl class='gallery-item'>\n\t\t\t<dt class='gallery-icon landscape'>\n\t\t\t\t<a href='https:\/\/blogsaverroes.juntadeandalucia.es\/ieslaribera\/charlas-inteligencia-emocional\/whatsapp-image-2024-11-04-at-13-32-50\/'><img loading=\"lazy\" decoding=\"async\" width=\"150\" height=\"150\" src=\"https:\/\/blogsaverroes.juntadeandalucia.es\/ieslaribera\/files\/2024\/11\/WhatsApp-Image-2024-11-04-at-13.32.50-150x150.jpeg\" class=\"attachment-thumbnail size-thumbnail\" alt=\"\" srcset=\"https:\/\/blogsaverroes.juntadeandalucia.es\/ieslaribera\/files\/2024\/11\/WhatsApp-Image-2024-11-04-at-13.32.50-150x150.jpeg 150w, https:\/\/blogsaverroes.juntadeandalucia.es\/ieslaribera\/files\/2024\/11\/WhatsApp-Image-2024-11-04-at-13.32.50-80x80.jpeg 80w, https:\/\/blogsaverroes.juntadeandalucia.es\/ieslaribera\/files\/2024\/11\/WhatsApp-Image-2024-11-04-at-13.32.50-320x320.jpeg 320w\" sizes=\"(max-width: 150px) 100vw, 150px\" \/><\/a>\n\t\t\t<\/dt><\/dl><dl class='gallery-item'>\n\t\t\t<dt class='gallery-icon landscape'>\n\t\t\t\t<a href='https:\/\/blogsaverroes.juntadeandalucia.es\/ieslaribera\/charlas-inteligencia-emocional\/whatsapp-image-2024-11-04-at-13-32-28\/'><img loading=\"lazy\" decoding=\"async\" width=\"150\" height=\"150\" src=\"https:\/\/blogsaverroes.juntadeandalucia.es\/ieslaribera\/files\/2024\/11\/WhatsApp-Image-2024-11-04-at-13.32.28-150x150.jpeg\" class=\"attachment-thumbnail size-thumbnail\" alt=\"\" srcset=\"https:\/\/blogsaverroes.juntadeandalucia.es\/ieslaribera\/files\/2024\/11\/WhatsApp-Image-2024-11-04-at-13.32.28-150x150.jpeg 150w, https:\/\/blogsaverroes.juntadeandalucia.es\/ieslaribera\/files\/2024\/11\/WhatsApp-Image-2024-11-04-at-13.32.28-80x80.jpeg 80w, https:\/\/blogsaverroes.juntadeandalucia.es\/ieslaribera\/files\/2024\/11\/WhatsApp-Image-2024-11-04-at-13.32.28-320x320.jpeg 320w\" sizes=\"(max-width: 150px) 100vw, 150px\" \/><\/a>\n\t\t\t<\/dt><\/dl><dl class='gallery-item'>\n\t\t\t<dt class='gallery-icon landscape'>\n\t\t\t\t<a href='https:\/\/blogsaverroes.juntadeandalucia.es\/ieslaribera\/charlas-inteligencia-emocional\/whatsapp-image-2024-11-04-at-13-31-46\/'><img loading=\"lazy\" decoding=\"async\" width=\"150\" height=\"150\" src=\"https:\/\/blogsaverroes.juntadeandalucia.es\/ieslaribera\/files\/2024\/11\/WhatsApp-Image-2024-11-04-at-13.31.46-150x150.jpeg\" class=\"attachment-thumbnail size-thumbnail\" alt=\"\" srcset=\"https:\/\/blogsaverroes.juntadeandalucia.es\/ieslaribera\/files\/2024\/11\/WhatsApp-Image-2024-11-04-at-13.31.46-150x150.jpeg 150w, https:\/\/blogsaverroes.juntadeandalucia.es\/ieslaribera\/files\/2024\/11\/WhatsApp-Image-2024-11-04-at-13.31.46-80x80.jpeg 80w, https:\/\/blogsaverroes.juntadeandalucia.es\/ieslaribera\/files\/2024\/11\/WhatsApp-Image-2024-11-04-at-13.31.46-320x320.jpeg 320w\" sizes=\"(max-width: 150px) 100vw, 150px\" \/><\/a>\n\t\t\t<\/dt><\/dl><br style=\"clear: both\" \/>\n\t\t<\/div>\n\n<p>&nbsp;<\/p>\n","protected":false},"excerpt":{"rendered":"<p>Durante los d\u00edas 14 y 31 de octubre, la Asociaci\u00f3n sin \u00e1nimo de lucro \u201cAndaluc\u00eda por la Ense\u00f1anza P\u00fablica\u201d ha impartido a nuestro alumnado de 4\u00ba ESO, en las horas de tutor\u00eda, charlas sobre&#46;&#46;&#46;<\/p>\n","protected":false},"author":3149,"featured_media":5610,"comment_status":"open","ping_status":"open","sticky":false,"template":"","format":"standard","meta":{"ngg_post_thumbnail":0,"footnotes":""},"categories":[526],"tags":[],"aioseo_notices":[],"_links":{"self":[{"href":"https:\/\/blogsaverroes.juntadeandalucia.es\/ieslaribera\/wp-json\/wp\/v2\/posts\/5605"}],"collection":[{"href":"https:\/\/blogsaverroes.juntadeandalucia.es\/ieslaribera\/wp-json\/wp\/v2\/posts"}],"about":[{"href":"https:\/\/blogsaverroes.juntadeandalucia.es\/ieslaribera\/wp-json\/wp\/v2\/types\/post"}],"author":[{"embeddable":true,"href":"https:\/\/blogsaverroes.juntadeandalucia.es\/ieslaribera\/wp-json\/wp\/v2\/users\/3149"}],"replies":[{"embeddable":true,"href":"https:\/\/blogsaverroes.juntadeandalucia.es\/ieslaribera\/wp-json\/wp\/v2\/comments?post=5605"}],"version-history":[{"count":1,"href":"https:\/\/blogsaverroes.juntadeandalucia.es\/ieslaribera\/wp-json\/wp\/v2\/posts\/5605\/revisions"}],"predecessor-version":[{"id":5612,"href":"https:\/\/blogsaverroes.juntadeandalucia.es\/ieslaribera\/wp-json\/wp\/v2\/posts\/5605\/revisions\/5612"}],"wp:featuredmedia":[{"embeddable":true,"href":"https:\/\/blogsaverroes.juntadeandalucia.es\/ieslaribera\/wp-json\/wp\/v2\/media\/5610"}],"wp:attachment":[{"href":"https:\/\/blogsaverroes.juntadeandalucia.es\/ieslaribera\/wp-json\/wp\/v2\/media?parent=5605"}],"wp:term":[{"taxonomy":"category","embeddable":true,"href":"https:\/\/blogsaverroes.juntadeandalucia.es\/ieslaribera\/wp-json\/wp\/v2\/categories?post=5605"},{"taxonomy":"post_tag","embeddable":true,"href":"https:\/\/blogsaverroes.juntadeandalucia.es\/ieslaribera\/wp-json\/wp\/v2\/tags?post=5605"}],"curies":[{"name":"wp","href":"https:\/\/api.w.org\/{rel}","templated":true}]}}