{"id":5721,"date":"2024-12-04T22:13:20","date_gmt":"2024-12-04T22:13:20","guid":{"rendered":"https:\/\/blogsaverroes.juntadeandalucia.es\/ieslaribera\/?p=5721"},"modified":"2024-12-04T22:25:11","modified_gmt":"2024-12-04T22:25:11","slug":"dia-internacional-de-la-diversidad-funcional-2","status":"publish","type":"post","link":"https:\/\/blogsaverroes.juntadeandalucia.es\/ieslaribera\/dia-internacional-de-la-diversidad-funcional-2\/","title":{"rendered":"D\u00eda Internacional de la Diversidad Funcional"},"content":{"rendered":"<p>El IES La Ribera, junto con la Asociaci\u00f3n La Canariega, celebra el D\u00eda Internacional de la Diversidad Funcional. Hemos disfrutado de las III Jornadas Paral\u00edmpicas en el polideportivo municipal, donde la participaci\u00f3n de los otros centros educativos ha enriquecido la actividad haciendo posible su \u00e9xito.<\/p>\n<p>Agradecemos la inestimable colaboraci\u00f3n de nuestra AMPA, La Ribera del Ca\u00f1averal, que nos ha brindado un fresco desayuno saludable, as\u00ed como al Ilmo. Ayuntamiento de Almonte por la cesi\u00f3n de sus instalaciones.<\/p>\n<p><a href=\"https:\/\/youtube.com\/shorts\/WzbfUIajOUg\" target=\"_blank\" rel=\"noopener\">https:\/\/youtube.com\/shorts\/WzbfUIajOUg<\/a><\/p>\n<p>&nbsp;<\/p>\n<p>&nbsp;<\/p>\n","protected":false},"excerpt":{"rendered":"<p>El IES La Ribera, junto con la Asociaci\u00f3n La Canariega, celebra el D\u00eda Internacional de la Diversidad Funcional. Hemos disfrutado de las III Jornadas Paral\u00edmpicas en el polideportivo municipal, donde la participaci\u00f3n de los&#46;&#46;&#46;<\/p>\n","protected":false},"author":3149,"featured_media":5723,"comment_status":"open","ping_status":"open","sticky":false,"template":"","format":"video","meta":{"ngg_post_thumbnail":0,"footnotes":""},"categories":[526],"tags":[],"aioseo_notices":[],"_links":{"self":[{"href":"https:\/\/blogsaverroes.juntadeandalucia.es\/ieslaribera\/wp-json\/wp\/v2\/posts\/5721"}],"collection":[{"href":"https:\/\/blogsaverroes.juntadeandalucia.es\/ieslaribera\/wp-json\/wp\/v2\/posts"}],"about":[{"href":"https:\/\/blogsaverroes.juntadeandalucia.es\/ieslaribera\/wp-json\/wp\/v2\/types\/post"}],"author":[{"embeddable":true,"href":"https:\/\/blogsaverroes.juntadeandalucia.es\/ieslaribera\/wp-json\/wp\/v2\/users\/3149"}],"replies":[{"embeddable":true,"href":"https:\/\/blogsaverroes.juntadeandalucia.es\/ieslaribera\/wp-json\/wp\/v2\/comments?post=5721"}],"version-history":[{"count":6,"href":"https:\/\/blogsaverroes.juntadeandalucia.es\/ieslaribera\/wp-json\/wp\/v2\/posts\/5721\/revisions"}],"predecessor-version":[{"id":5728,"href":"https:\/\/blogsaverroes.juntadeandalucia.es\/ieslaribera\/wp-json\/wp\/v2\/posts\/5721\/revisions\/5728"}],"wp:featuredmedia":[{"embeddable":true,"href":"https:\/\/blogsaverroes.juntadeandalucia.es\/ieslaribera\/wp-json\/wp\/v2\/media\/5723"}],"wp:attachment":[{"href":"https:\/\/blogsaverroes.juntadeandalucia.es\/ieslaribera\/wp-json\/wp\/v2\/media?parent=5721"}],"wp:term":[{"taxonomy":"category","embeddable":true,"href":"https:\/\/blogsaverroes.juntadeandalucia.es\/ieslaribera\/wp-json\/wp\/v2\/categories?post=5721"},{"taxonomy":"post_tag","embeddable":true,"href":"https:\/\/blogsaverroes.juntadeandalucia.es\/ieslaribera\/wp-json\/wp\/v2\/tags?post=5721"}],"curies":[{"name":"wp","href":"https:\/\/api.w.org\/{rel}","templated":true}]}}