{"id":5788,"date":"2024-12-20T12:00:52","date_gmt":"2024-12-20T12:00:52","guid":{"rendered":"https:\/\/blogsaverroes.juntadeandalucia.es\/ieslaribera\/?p=5788"},"modified":"2024-12-20T12:00:52","modified_gmt":"2024-12-20T12:00:52","slug":"felices-fiestas","status":"publish","type":"post","link":"https:\/\/blogsaverroes.juntadeandalucia.es\/ieslaribera\/felices-fiestas\/","title":{"rendered":"Felices Fiestas"},"content":{"rendered":"<p>Con esta postal de nuestro alumno Francisco Javier Jim\u00e9nez Peri\u00e1\u00f1ez de 3\u00baE, la Comunidad Educativa del IES La Ribera queremos compartir un mensaje de esperanza, unidad y gratitud y desearos unas Felices Fiestas.<\/p>\n<p>Gracias por acompa\u00f1arnos en el camino porque disfrutar de la Navidad es maravilloso pero compartirla con los dem\u00e1s es mucho m\u00e1s gratificante.<\/p>\n<p>Que esta Navidad est\u00e9 repleta de alegr\u00eda, amor y paz y que el A\u00f1o Nuevo traiga consigo nuevas oportunidades, \u00e9xitos y mucha felicidad.<\/p>\n\n\t\t<style>\n\t\t\t#gallery-1 {\n\t\t\t\tmargin: auto;\n\t\t\t}\n\t\t\t#gallery-1 .gallery-item {\n\t\t\t\tfloat: left;\n\t\t\t\tmargin-top: 10px;\n\t\t\t\ttext-align: center;\n\t\t\t\twidth: 33%;\n\t\t\t}\n\t\t\t#gallery-1 img {\n\t\t\t\tborder: 2px solid #cfcfcf;\n\t\t\t}\n\t\t\t#gallery-1 .gallery-caption {\n\t\t\t\tmargin-left: 0;\n\t\t\t}\n\t\t\t\/* see gallery_shortcode() in wp-includes\/media.php *\/\n\t\t<\/style>\n\t\t<div id='gallery-1' class='gallery galleryid-5788 gallery-columns-3 gallery-size-thumbnail'><dl class='gallery-item'>\n\t\t\t<dt class='gallery-icon landscape'>\n\t\t\t\t<a href='https:\/\/blogsaverroes.juntadeandalucia.es\/ieslaribera\/felices-fiestas\/whatsapp-image-2024-12-19-at-20-13-10\/'><img decoding=\"async\" width=\"150\" height=\"150\" src=\"https:\/\/blogsaverroes.juntadeandalucia.es\/ieslaribera\/files\/2024\/12\/WhatsApp-Image-2024-12-19-at-20.13.10-150x150.jpeg\" class=\"attachment-thumbnail size-thumbnail\" alt=\"\" srcset=\"https:\/\/blogsaverroes.juntadeandalucia.es\/ieslaribera\/files\/2024\/12\/WhatsApp-Image-2024-12-19-at-20.13.10-150x150.jpeg 150w, https:\/\/blogsaverroes.juntadeandalucia.es\/ieslaribera\/files\/2024\/12\/WhatsApp-Image-2024-12-19-at-20.13.10-80x80.jpeg 80w, https:\/\/blogsaverroes.juntadeandalucia.es\/ieslaribera\/files\/2024\/12\/WhatsApp-Image-2024-12-19-at-20.13.10-320x320.jpeg 320w\" sizes=\"(max-width: 150px) 100vw, 150px\" \/><\/a>\n\t\t\t<\/dt><\/dl>\n\t\t\t<br style='clear: both' \/>\n\t\t<\/div>\n\n","protected":false},"excerpt":{"rendered":"<p>Con esta postal de nuestro alumno Francisco Javier Jim\u00e9nez Peri\u00e1\u00f1ez de 3\u00baE, la Comunidad Educativa del IES La Ribera queremos compartir un mensaje de esperanza, unidad y gratitud y desearos unas Felices Fiestas. Gracias&#46;&#46;&#46;<\/p>\n","protected":false},"author":3149,"featured_media":5789,"comment_status":"open","ping_status":"open","sticky":false,"template":"","format":"standard","meta":{"ngg_post_thumbnail":0,"footnotes":""},"categories":[526],"tags":[],"aioseo_notices":[],"_links":{"self":[{"href":"https:\/\/blogsaverroes.juntadeandalucia.es\/ieslaribera\/wp-json\/wp\/v2\/posts\/5788"}],"collection":[{"href":"https:\/\/blogsaverroes.juntadeandalucia.es\/ieslaribera\/wp-json\/wp\/v2\/posts"}],"about":[{"href":"https:\/\/blogsaverroes.juntadeandalucia.es\/ieslaribera\/wp-json\/wp\/v2\/types\/post"}],"author":[{"embeddable":true,"href":"https:\/\/blogsaverroes.juntadeandalucia.es\/ieslaribera\/wp-json\/wp\/v2\/users\/3149"}],"replies":[{"embeddable":true,"href":"https:\/\/blogsaverroes.juntadeandalucia.es\/ieslaribera\/wp-json\/wp\/v2\/comments?post=5788"}],"version-history":[{"count":1,"href":"https:\/\/blogsaverroes.juntadeandalucia.es\/ieslaribera\/wp-json\/wp\/v2\/posts\/5788\/revisions"}],"predecessor-version":[{"id":5790,"href":"https:\/\/blogsaverroes.juntadeandalucia.es\/ieslaribera\/wp-json\/wp\/v2\/posts\/5788\/revisions\/5790"}],"wp:featuredmedia":[{"embeddable":true,"href":"https:\/\/blogsaverroes.juntadeandalucia.es\/ieslaribera\/wp-json\/wp\/v2\/media\/5789"}],"wp:attachment":[{"href":"https:\/\/blogsaverroes.juntadeandalucia.es\/ieslaribera\/wp-json\/wp\/v2\/media?parent=5788"}],"wp:term":[{"taxonomy":"category","embeddable":true,"href":"https:\/\/blogsaverroes.juntadeandalucia.es\/ieslaribera\/wp-json\/wp\/v2\/categories?post=5788"},{"taxonomy":"post_tag","embeddable":true,"href":"https:\/\/blogsaverroes.juntadeandalucia.es\/ieslaribera\/wp-json\/wp\/v2\/tags?post=5788"}],"curies":[{"name":"wp","href":"https:\/\/api.w.org\/{rel}","templated":true}]}}