{"id":6013,"date":"2025-03-20T10:37:03","date_gmt":"2025-03-20T10:37:03","guid":{"rendered":"https:\/\/blogsaverroes.juntadeandalucia.es\/ieslaribera\/?p=6013"},"modified":"2025-03-20T10:37:03","modified_gmt":"2025-03-20T10:37:03","slug":"teatro-hambre-de-quijote","status":"publish","type":"post","link":"https:\/\/blogsaverroes.juntadeandalucia.es\/ieslaribera\/teatro-hambre-de-quijote\/","title":{"rendered":"Teatro \u201cHambre de Quijote\u201d"},"content":{"rendered":"<p>El alumnado de 3\u00ba ESO ha acudido al teatro Salvador T\u00e1vora para disfrutar de la obra Hambre de Quijote, de la compa\u00f1\u00eda La L\u00edquida, dentro del programa Abecedaria.<\/p>\n<p>A trav\u00e9s de esta representaci\u00f3n, nuestro alumnado se ha acercado a una de las obras cumbres de nuestra literatura: El ingenioso hidalgo don Quijote de la Mancha, de Miguel de Cervantes.<\/p>\n<p><a href=\"https:\/\/blogsaverroes.juntadeandalucia.es\/ieslaribera\/files\/2025\/03\/WhatsApp-Image-2025-03-19-at-21.11.201.jpeg\"><img fetchpriority=\"high\" decoding=\"async\" class=\"alignnone size-medium wp-image-6017\" src=\"https:\/\/blogsaverroes.juntadeandalucia.es\/ieslaribera\/files\/2025\/03\/WhatsApp-Image-2025-03-19-at-21.11.201-225x300.jpeg\" alt=\"\" width=\"225\" height=\"300\" srcset=\"https:\/\/blogsaverroes.juntadeandalucia.es\/ieslaribera\/files\/2025\/03\/WhatsApp-Image-2025-03-19-at-21.11.201-225x300.jpeg 225w, https:\/\/blogsaverroes.juntadeandalucia.es\/ieslaribera\/files\/2025\/03\/WhatsApp-Image-2025-03-19-at-21.11.201-768x1024.jpeg 768w, https:\/\/blogsaverroes.juntadeandalucia.es\/ieslaribera\/files\/2025\/03\/WhatsApp-Image-2025-03-19-at-21.11.201-1152x1536.jpeg 1152w, https:\/\/blogsaverroes.juntadeandalucia.es\/ieslaribera\/files\/2025\/03\/WhatsApp-Image-2025-03-19-at-21.11.201.jpeg 1536w\" sizes=\"(max-width: 225px) 100vw, 225px\" \/><\/a><a href=\"https:\/\/blogsaverroes.juntadeandalucia.es\/ieslaribera\/files\/2025\/03\/WhatsApp-Image-2025-03-19-at-21.11.204.jpeg\"><img decoding=\"async\" class=\"alignnone size-medium wp-image-6014\" src=\"https:\/\/blogsaverroes.juntadeandalucia.es\/ieslaribera\/files\/2025\/03\/WhatsApp-Image-2025-03-19-at-21.11.204-225x300.jpeg\" alt=\"\" width=\"225\" height=\"300\" srcset=\"https:\/\/blogsaverroes.juntadeandalucia.es\/ieslaribera\/files\/2025\/03\/WhatsApp-Image-2025-03-19-at-21.11.204-225x300.jpeg 225w, https:\/\/blogsaverroes.juntadeandalucia.es\/ieslaribera\/files\/2025\/03\/WhatsApp-Image-2025-03-19-at-21.11.204-768x1024.jpeg 768w, https:\/\/blogsaverroes.juntadeandalucia.es\/ieslaribera\/files\/2025\/03\/WhatsApp-Image-2025-03-19-at-21.11.204-1152x1536.jpeg 1152w, https:\/\/blogsaverroes.juntadeandalucia.es\/ieslaribera\/files\/2025\/03\/WhatsApp-Image-2025-03-19-at-21.11.204.jpeg 1536w\" sizes=\"(max-width: 225px) 100vw, 225px\" \/><\/a> <a href=\"https:\/\/blogsaverroes.juntadeandalucia.es\/ieslaribera\/files\/2025\/03\/WhatsApp-Image-2025-03-19-at-21.11.203.jpeg\"><img decoding=\"async\" class=\"alignnone size-medium wp-image-6015\" src=\"https:\/\/blogsaverroes.juntadeandalucia.es\/ieslaribera\/files\/2025\/03\/WhatsApp-Image-2025-03-19-at-21.11.203-225x300.jpeg\" alt=\"\" width=\"225\" height=\"300\" srcset=\"https:\/\/blogsaverroes.juntadeandalucia.es\/ieslaribera\/files\/2025\/03\/WhatsApp-Image-2025-03-19-at-21.11.203-225x300.jpeg 225w, https:\/\/blogsaverroes.juntadeandalucia.es\/ieslaribera\/files\/2025\/03\/WhatsApp-Image-2025-03-19-at-21.11.203-768x1024.jpeg 768w, https:\/\/blogsaverroes.juntadeandalucia.es\/ieslaribera\/files\/2025\/03\/WhatsApp-Image-2025-03-19-at-21.11.203-1152x1536.jpeg 1152w, https:\/\/blogsaverroes.juntadeandalucia.es\/ieslaribera\/files\/2025\/03\/WhatsApp-Image-2025-03-19-at-21.11.203.jpeg 1536w\" sizes=\"(max-width: 225px) 100vw, 225px\" \/><\/a> <a href=\"https:\/\/blogsaverroes.juntadeandalucia.es\/ieslaribera\/files\/2025\/03\/WhatsApp-Image-2025-03-19-at-21.11.202.jpeg\"><img loading=\"lazy\" decoding=\"async\" class=\"alignnone size-medium wp-image-6016\" src=\"https:\/\/blogsaverroes.juntadeandalucia.es\/ieslaribera\/files\/2025\/03\/WhatsApp-Image-2025-03-19-at-21.11.202-225x300.jpeg\" alt=\"\" width=\"225\" height=\"300\" srcset=\"https:\/\/blogsaverroes.juntadeandalucia.es\/ieslaribera\/files\/2025\/03\/WhatsApp-Image-2025-03-19-at-21.11.202-225x300.jpeg 225w, https:\/\/blogsaverroes.juntadeandalucia.es\/ieslaribera\/files\/2025\/03\/WhatsApp-Image-2025-03-19-at-21.11.202-768x1024.jpeg 768w, https:\/\/blogsaverroes.juntadeandalucia.es\/ieslaribera\/files\/2025\/03\/WhatsApp-Image-2025-03-19-at-21.11.202-1152x1536.jpeg 1152w, https:\/\/blogsaverroes.juntadeandalucia.es\/ieslaribera\/files\/2025\/03\/WhatsApp-Image-2025-03-19-at-21.11.202.jpeg 1536w\" sizes=\"(max-width: 225px) 100vw, 225px\" \/><\/a> <a href=\"https:\/\/blogsaverroes.juntadeandalucia.es\/ieslaribera\/files\/2025\/03\/WhatsApp-Image-2025-03-19-at-21.10.58.jpeg\"><img loading=\"lazy\" decoding=\"async\" class=\"alignnone size-medium wp-image-6019\" src=\"https:\/\/blogsaverroes.juntadeandalucia.es\/ieslaribera\/files\/2025\/03\/WhatsApp-Image-2025-03-19-at-21.10.58-225x300.jpeg\" alt=\"\" width=\"225\" height=\"300\" srcset=\"https:\/\/blogsaverroes.juntadeandalucia.es\/ieslaribera\/files\/2025\/03\/WhatsApp-Image-2025-03-19-at-21.10.58-225x300.jpeg 225w, https:\/\/blogsaverroes.juntadeandalucia.es\/ieslaribera\/files\/2025\/03\/WhatsApp-Image-2025-03-19-at-21.10.58-768x1024.jpeg 768w, https:\/\/blogsaverroes.juntadeandalucia.es\/ieslaribera\/files\/2025\/03\/WhatsApp-Image-2025-03-19-at-21.10.58-1152x1536.jpeg 1152w, https:\/\/blogsaverroes.juntadeandalucia.es\/ieslaribera\/files\/2025\/03\/WhatsApp-Image-2025-03-19-at-21.10.58.jpeg 1200w\" sizes=\"(max-width: 225px) 100vw, 225px\" \/><\/a><a href=\"https:\/\/blogsaverroes.juntadeandalucia.es\/ieslaribera\/files\/2025\/03\/WhatsApp-Image-2025-03-19-at-21.11.20.jpeg\"><img loading=\"lazy\" decoding=\"async\" class=\"alignnone size-medium wp-image-6018\" src=\"https:\/\/blogsaverroes.juntadeandalucia.es\/ieslaribera\/files\/2025\/03\/WhatsApp-Image-2025-03-19-at-21.11.20-225x300.jpeg\" alt=\"\" width=\"225\" height=\"300\" srcset=\"https:\/\/blogsaverroes.juntadeandalucia.es\/ieslaribera\/files\/2025\/03\/WhatsApp-Image-2025-03-19-at-21.11.20-225x300.jpeg 225w, https:\/\/blogsaverroes.juntadeandalucia.es\/ieslaribera\/files\/2025\/03\/WhatsApp-Image-2025-03-19-at-21.11.20-768x1024.jpeg 768w, https:\/\/blogsaverroes.juntadeandalucia.es\/ieslaribera\/files\/2025\/03\/WhatsApp-Image-2025-03-19-at-21.11.20-1152x1536.jpeg 1152w, https:\/\/blogsaverroes.juntadeandalucia.es\/ieslaribera\/files\/2025\/03\/WhatsApp-Image-2025-03-19-at-21.11.20.jpeg 1536w\" sizes=\"(max-width: 225px) 100vw, 225px\" \/><\/a> <a href=\"https:\/\/blogsaverroes.juntadeandalucia.es\/ieslaribera\/files\/2025\/03\/WhatsApp-Image-2025-03-19-at-21.10.20.jpeg\"><img loading=\"lazy\" decoding=\"async\" class=\"alignnone size-medium wp-image-6020\" src=\"https:\/\/blogsaverroes.juntadeandalucia.es\/ieslaribera\/files\/2025\/03\/WhatsApp-Image-2025-03-19-at-21.10.20-300x225.jpeg\" alt=\"\" width=\"300\" height=\"225\" srcset=\"https:\/\/blogsaverroes.juntadeandalucia.es\/ieslaribera\/files\/2025\/03\/WhatsApp-Image-2025-03-19-at-21.10.20-300x225.jpeg 300w, https:\/\/blogsaverroes.juntadeandalucia.es\/ieslaribera\/files\/2025\/03\/WhatsApp-Image-2025-03-19-at-21.10.20-1024x768.jpeg 1024w, https:\/\/blogsaverroes.juntadeandalucia.es\/ieslaribera\/files\/2025\/03\/WhatsApp-Image-2025-03-19-at-21.10.20-768x576.jpeg 768w, https:\/\/blogsaverroes.juntadeandalucia.es\/ieslaribera\/files\/2025\/03\/WhatsApp-Image-2025-03-19-at-21.10.20-1536x1152.jpeg 1536w, https:\/\/blogsaverroes.juntadeandalucia.es\/ieslaribera\/files\/2025\/03\/WhatsApp-Image-2025-03-19-at-21.10.20.jpeg 1600w\" sizes=\"(max-width: 300px) 100vw, 300px\" \/><\/a><\/p>\n","protected":false},"excerpt":{"rendered":"<p>El alumnado de 3\u00ba ESO ha acudido al teatro Salvador T\u00e1vora para disfrutar de la obra Hambre de Quijote, de la compa\u00f1\u00eda La L\u00edquida, dentro del programa Abecedaria. A trav\u00e9s de esta representaci\u00f3n, nuestro&#46;&#46;&#46;<\/p>\n","protected":false},"author":3149,"featured_media":6018,"comment_status":"open","ping_status":"open","sticky":false,"template":"","format":"standard","meta":{"ngg_post_thumbnail":0,"footnotes":""},"categories":[526],"tags":[],"aioseo_notices":[],"_links":{"self":[{"href":"https:\/\/blogsaverroes.juntadeandalucia.es\/ieslaribera\/wp-json\/wp\/v2\/posts\/6013"}],"collection":[{"href":"https:\/\/blogsaverroes.juntadeandalucia.es\/ieslaribera\/wp-json\/wp\/v2\/posts"}],"about":[{"href":"https:\/\/blogsaverroes.juntadeandalucia.es\/ieslaribera\/wp-json\/wp\/v2\/types\/post"}],"author":[{"embeddable":true,"href":"https:\/\/blogsaverroes.juntadeandalucia.es\/ieslaribera\/wp-json\/wp\/v2\/users\/3149"}],"replies":[{"embeddable":true,"href":"https:\/\/blogsaverroes.juntadeandalucia.es\/ieslaribera\/wp-json\/wp\/v2\/comments?post=6013"}],"version-history":[{"count":1,"href":"https:\/\/blogsaverroes.juntadeandalucia.es\/ieslaribera\/wp-json\/wp\/v2\/posts\/6013\/revisions"}],"predecessor-version":[{"id":6021,"href":"https:\/\/blogsaverroes.juntadeandalucia.es\/ieslaribera\/wp-json\/wp\/v2\/posts\/6013\/revisions\/6021"}],"wp:featuredmedia":[{"embeddable":true,"href":"https:\/\/blogsaverroes.juntadeandalucia.es\/ieslaribera\/wp-json\/wp\/v2\/media\/6018"}],"wp:attachment":[{"href":"https:\/\/blogsaverroes.juntadeandalucia.es\/ieslaribera\/wp-json\/wp\/v2\/media?parent=6013"}],"wp:term":[{"taxonomy":"category","embeddable":true,"href":"https:\/\/blogsaverroes.juntadeandalucia.es\/ieslaribera\/wp-json\/wp\/v2\/categories?post=6013"},{"taxonomy":"post_tag","embeddable":true,"href":"https:\/\/blogsaverroes.juntadeandalucia.es\/ieslaribera\/wp-json\/wp\/v2\/tags?post=6013"}],"curies":[{"name":"wp","href":"https:\/\/api.w.org\/{rel}","templated":true}]}}