{"id":6316,"date":"2025-11-22T12:24:09","date_gmt":"2025-11-22T12:24:09","guid":{"rendered":"https:\/\/blogsaverroes.juntadeandalucia.es\/ieslaribera\/?p=6316"},"modified":"2025-11-22T12:25:41","modified_gmt":"2025-11-22T12:25:41","slug":"taller-de-rap-con-perspectiva-de-genero","status":"publish","type":"post","link":"https:\/\/blogsaverroes.juntadeandalucia.es\/ieslaribera\/taller-de-rap-con-perspectiva-de-genero\/","title":{"rendered":"Taller de rap con perspectiva de g\u00e9nero"},"content":{"rendered":"<p>El viernes 21 de noviembre, el alumnado de 4\u00ba de ESO del IES La Ribera particip\u00f3 en el taller de rap con perspectiva de g\u00e9nero \u201cSi te pega, no te pega\u201d. Una actividad en la que se trabaj\u00f3 la igualdad, se reflexion\u00f3 sobre las relaciones sanas y se foment\u00f3 la creatividad a trav\u00e9s de la m\u00fasica.<br \/>\nLos estudiantes compusieron sus propios temas de rap y los compartieron p\u00fablicamente, convirti\u00e9ndose en protagonistas de un mensaje que apuesta por la convivencia respetuosa y la igualdad en nuestro municipio.<br \/>\nEsta iniciativa ha sido posible gracias a la colaboraci\u00f3n del Ayuntamiento de Almonte, cuyo apoyo ha permitido desarrollar una jornada enriquecedora.<\/p>\n<div style=\"width: 848px;\" class=\"wp-video\"><!--[if lt IE 9]><script>document.createElement('video');<\/script><![endif]-->\n<video class=\"wp-video-shortcode\" id=\"video-6316-1\" width=\"848\" height=\"480\" preload=\"metadata\" controls=\"controls\"><source type=\"video\/mp4\" src=\"https:\/\/blogsaverroes.juntadeandalucia.es\/ieslaribera\/files\/2025\/11\/WhatsApp-Video-2025-11-22-at-09.09.45.mp4?_=1\" \/><a href=\"https:\/\/blogsaverroes.juntadeandalucia.es\/ieslaribera\/files\/2025\/11\/WhatsApp-Video-2025-11-22-at-09.09.45.mp4\">https:\/\/blogsaverroes.juntadeandalucia.es\/ieslaribera\/files\/2025\/11\/WhatsApp-Video-2025-11-22-at-09.09.45.mp4<\/a><\/video><\/div>\n<div style=\"width: 848px;\" class=\"wp-video\"><video class=\"wp-video-shortcode\" id=\"video-6316-2\" width=\"848\" height=\"480\" preload=\"metadata\" controls=\"controls\"><source type=\"video\/mp4\" src=\"https:\/\/blogsaverroes.juntadeandalucia.es\/ieslaribera\/files\/2025\/11\/WhatsApp-Video-2025-11-22-at-09.09.43.mp4?_=2\" \/><a href=\"https:\/\/blogsaverroes.juntadeandalucia.es\/ieslaribera\/files\/2025\/11\/WhatsApp-Video-2025-11-22-at-09.09.43.mp4\">https:\/\/blogsaverroes.juntadeandalucia.es\/ieslaribera\/files\/2025\/11\/WhatsApp-Video-2025-11-22-at-09.09.43.mp4<\/a><\/video><\/div>\n<div style=\"width: 848px;\" class=\"wp-video\"><video class=\"wp-video-shortcode\" id=\"video-6316-3\" width=\"848\" height=\"480\" preload=\"metadata\" controls=\"controls\"><source type=\"video\/mp4\" src=\"https:\/\/blogsaverroes.juntadeandalucia.es\/ieslaribera\/files\/2025\/11\/WhatsApp-Video-2025-11-22-at-09.09.40.mp4?_=3\" \/><a href=\"https:\/\/blogsaverroes.juntadeandalucia.es\/ieslaribera\/files\/2025\/11\/WhatsApp-Video-2025-11-22-at-09.09.40.mp4\">https:\/\/blogsaverroes.juntadeandalucia.es\/ieslaribera\/files\/2025\/11\/WhatsApp-Video-2025-11-22-at-09.09.40.mp4<\/a><\/video><\/div>\n<p><a href=\"https:\/\/blogsaverroes.juntadeandalucia.es\/ieslaribera\/files\/2025\/11\/WhatsApp-Image-2025-11-22-at-09.09.362.jpeg\"><img fetchpriority=\"high\" decoding=\"async\" class=\"size-medium wp-image-6320 alignleft\" src=\"https:\/\/blogsaverroes.juntadeandalucia.es\/ieslaribera\/files\/2025\/11\/WhatsApp-Image-2025-11-22-at-09.09.362-300x225.jpeg\" alt=\"\" width=\"300\" height=\"225\" srcset=\"https:\/\/blogsaverroes.juntadeandalucia.es\/ieslaribera\/files\/2025\/11\/WhatsApp-Image-2025-11-22-at-09.09.362-300x225.jpeg 300w, https:\/\/blogsaverroes.juntadeandalucia.es\/ieslaribera\/files\/2025\/11\/WhatsApp-Image-2025-11-22-at-09.09.362-1024x768.jpeg 1024w, https:\/\/blogsaverroes.juntadeandalucia.es\/ieslaribera\/files\/2025\/11\/WhatsApp-Image-2025-11-22-at-09.09.362-768x576.jpeg 768w, https:\/\/blogsaverroes.juntadeandalucia.es\/ieslaribera\/files\/2025\/11\/WhatsApp-Image-2025-11-22-at-09.09.362-1536x1152.jpeg 1536w, https:\/\/blogsaverroes.juntadeandalucia.es\/ieslaribera\/files\/2025\/11\/WhatsApp-Image-2025-11-22-at-09.09.362.jpeg 1600w\" sizes=\"(max-width: 300px) 100vw, 300px\" \/><\/a> <a href=\"https:\/\/blogsaverroes.juntadeandalucia.es\/ieslaribera\/files\/2025\/11\/WhatsApp-Image-2025-11-22-at-09.09.361.jpeg\"><img decoding=\"async\" class=\"size-medium wp-image-6321 alignleft\" src=\"https:\/\/blogsaverroes.juntadeandalucia.es\/ieslaribera\/files\/2025\/11\/WhatsApp-Image-2025-11-22-at-09.09.361-300x225.jpeg\" alt=\"\" width=\"300\" height=\"225\" srcset=\"https:\/\/blogsaverroes.juntadeandalucia.es\/ieslaribera\/files\/2025\/11\/WhatsApp-Image-2025-11-22-at-09.09.361-300x225.jpeg 300w, https:\/\/blogsaverroes.juntadeandalucia.es\/ieslaribera\/files\/2025\/11\/WhatsApp-Image-2025-11-22-at-09.09.361-1024x768.jpeg 1024w, https:\/\/blogsaverroes.juntadeandalucia.es\/ieslaribera\/files\/2025\/11\/WhatsApp-Image-2025-11-22-at-09.09.361-768x576.jpeg 768w, https:\/\/blogsaverroes.juntadeandalucia.es\/ieslaribera\/files\/2025\/11\/WhatsApp-Image-2025-11-22-at-09.09.361-1536x1152.jpeg 1536w, https:\/\/blogsaverroes.juntadeandalucia.es\/ieslaribera\/files\/2025\/11\/WhatsApp-Image-2025-11-22-at-09.09.361.jpeg 1600w\" sizes=\"(max-width: 300px) 100vw, 300px\" \/><\/a> <a href=\"https:\/\/blogsaverroes.juntadeandalucia.es\/ieslaribera\/files\/2025\/11\/WhatsApp-Image-2025-11-22-at-09.09.36.jpeg\"><img decoding=\"async\" class=\"size-medium wp-image-6322 alignleft\" src=\"https:\/\/blogsaverroes.juntadeandalucia.es\/ieslaribera\/files\/2025\/11\/WhatsApp-Image-2025-11-22-at-09.09.36-300x225.jpeg\" alt=\"\" width=\"300\" height=\"225\" srcset=\"https:\/\/blogsaverroes.juntadeandalucia.es\/ieslaribera\/files\/2025\/11\/WhatsApp-Image-2025-11-22-at-09.09.36-300x225.jpeg 300w, https:\/\/blogsaverroes.juntadeandalucia.es\/ieslaribera\/files\/2025\/11\/WhatsApp-Image-2025-11-22-at-09.09.36-1024x768.jpeg 1024w, https:\/\/blogsaverroes.juntadeandalucia.es\/ieslaribera\/files\/2025\/11\/WhatsApp-Image-2025-11-22-at-09.09.36-768x576.jpeg 768w, https:\/\/blogsaverroes.juntadeandalucia.es\/ieslaribera\/files\/2025\/11\/WhatsApp-Image-2025-11-22-at-09.09.36-1536x1152.jpeg 1536w, https:\/\/blogsaverroes.juntadeandalucia.es\/ieslaribera\/files\/2025\/11\/WhatsApp-Image-2025-11-22-at-09.09.36.jpeg 1600w\" sizes=\"(max-width: 300px) 100vw, 300px\" \/><\/a> <a href=\"https:\/\/blogsaverroes.juntadeandalucia.es\/ieslaribera\/files\/2025\/11\/WhatsApp-Image-2025-11-22-at-09.09.35.jpeg\"><img loading=\"lazy\" decoding=\"async\" class=\"size-medium wp-image-6323 alignleft\" src=\"https:\/\/blogsaverroes.juntadeandalucia.es\/ieslaribera\/files\/2025\/11\/WhatsApp-Image-2025-11-22-at-09.09.35-300x225.jpeg\" alt=\"\" width=\"300\" height=\"225\" srcset=\"https:\/\/blogsaverroes.juntadeandalucia.es\/ieslaribera\/files\/2025\/11\/WhatsApp-Image-2025-11-22-at-09.09.35-300x225.jpeg 300w, https:\/\/blogsaverroes.juntadeandalucia.es\/ieslaribera\/files\/2025\/11\/WhatsApp-Image-2025-11-22-at-09.09.35-1024x768.jpeg 1024w, https:\/\/blogsaverroes.juntadeandalucia.es\/ieslaribera\/files\/2025\/11\/WhatsApp-Image-2025-11-22-at-09.09.35-768x576.jpeg 768w, https:\/\/blogsaverroes.juntadeandalucia.es\/ieslaribera\/files\/2025\/11\/WhatsApp-Image-2025-11-22-at-09.09.35-1536x1152.jpeg 1536w, https:\/\/blogsaverroes.juntadeandalucia.es\/ieslaribera\/files\/2025\/11\/WhatsApp-Image-2025-11-22-at-09.09.35.jpeg 1600w\" sizes=\"(max-width: 300px) 100vw, 300px\" \/><\/a> <a href=\"https:\/\/blogsaverroes.juntadeandalucia.es\/ieslaribera\/files\/2025\/11\/WhatsApp-Image-2025-11-22-at-09.09.48.jpeg\"><img loading=\"lazy\" decoding=\"async\" class=\"size-medium wp-image-6324 alignleft\" src=\"https:\/\/blogsaverroes.juntadeandalucia.es\/ieslaribera\/files\/2025\/11\/WhatsApp-Image-2025-11-22-at-09.09.48-240x300.jpeg\" alt=\"\" width=\"240\" height=\"300\" srcset=\"https:\/\/blogsaverroes.juntadeandalucia.es\/ieslaribera\/files\/2025\/11\/WhatsApp-Image-2025-11-22-at-09.09.48-240x300.jpeg 240w, https:\/\/blogsaverroes.juntadeandalucia.es\/ieslaribera\/files\/2025\/11\/WhatsApp-Image-2025-11-22-at-09.09.48-819x1024.jpeg 819w, https:\/\/blogsaverroes.juntadeandalucia.es\/ieslaribera\/files\/2025\/11\/WhatsApp-Image-2025-11-22-at-09.09.48-768x960.jpeg 768w, https:\/\/blogsaverroes.juntadeandalucia.es\/ieslaribera\/files\/2025\/11\/WhatsApp-Image-2025-11-22-at-09.09.48-1229x1536.jpeg 1229w, https:\/\/blogsaverroes.juntadeandalucia.es\/ieslaribera\/files\/2025\/11\/WhatsApp-Image-2025-11-22-at-09.09.48.jpeg 1638w\" sizes=\"(max-width: 240px) 100vw, 240px\" \/><\/a><\/p>\n","protected":false},"excerpt":{"rendered":"<p>El viernes 21 de noviembre, el alumnado de 4\u00ba de ESO del IES La Ribera particip\u00f3 en el taller de rap con perspectiva de g\u00e9nero \u201cSi te pega, no te pega\u201d. Una actividad en&#46;&#46;&#46;<\/p>\n","protected":false},"author":3149,"featured_media":6324,"comment_status":"open","ping_status":"open","sticky":false,"template":"","format":"standard","meta":{"ngg_post_thumbnail":0,"footnotes":""},"categories":[526],"tags":[],"aioseo_notices":[],"_links":{"self":[{"href":"https:\/\/blogsaverroes.juntadeandalucia.es\/ieslaribera\/wp-json\/wp\/v2\/posts\/6316"}],"collection":[{"href":"https:\/\/blogsaverroes.juntadeandalucia.es\/ieslaribera\/wp-json\/wp\/v2\/posts"}],"about":[{"href":"https:\/\/blogsaverroes.juntadeandalucia.es\/ieslaribera\/wp-json\/wp\/v2\/types\/post"}],"author":[{"embeddable":true,"href":"https:\/\/blogsaverroes.juntadeandalucia.es\/ieslaribera\/wp-json\/wp\/v2\/users\/3149"}],"replies":[{"embeddable":true,"href":"https:\/\/blogsaverroes.juntadeandalucia.es\/ieslaribera\/wp-json\/wp\/v2\/comments?post=6316"}],"version-history":[{"count":3,"href":"https:\/\/blogsaverroes.juntadeandalucia.es\/ieslaribera\/wp-json\/wp\/v2\/posts\/6316\/revisions"}],"predecessor-version":[{"id":6327,"href":"https:\/\/blogsaverroes.juntadeandalucia.es\/ieslaribera\/wp-json\/wp\/v2\/posts\/6316\/revisions\/6327"}],"wp:featuredmedia":[{"embeddable":true,"href":"https:\/\/blogsaverroes.juntadeandalucia.es\/ieslaribera\/wp-json\/wp\/v2\/media\/6324"}],"wp:attachment":[{"href":"https:\/\/blogsaverroes.juntadeandalucia.es\/ieslaribera\/wp-json\/wp\/v2\/media?parent=6316"}],"wp:term":[{"taxonomy":"category","embeddable":true,"href":"https:\/\/blogsaverroes.juntadeandalucia.es\/ieslaribera\/wp-json\/wp\/v2\/categories?post=6316"},{"taxonomy":"post_tag","embeddable":true,"href":"https:\/\/blogsaverroes.juntadeandalucia.es\/ieslaribera\/wp-json\/wp\/v2\/tags?post=6316"}],"curies":[{"name":"wp","href":"https:\/\/api.w.org\/{rel}","templated":true}]}}