{"id":6475,"date":"2025-12-22T18:55:35","date_gmt":"2025-12-22T18:55:35","guid":{"rendered":"https:\/\/blogsaverroes.juntadeandalucia.es\/ieslaribera\/?p=6475"},"modified":"2025-12-22T18:55:35","modified_gmt":"2025-12-22T18:55:35","slug":"felices-fiestas-2","status":"publish","type":"post","link":"https:\/\/blogsaverroes.juntadeandalucia.es\/ieslaribera\/felices-fiestas-2\/","title":{"rendered":"Felices Fiestas"},"content":{"rendered":"<p>Con esta postal de nuestra alumna Mar\u00eda Escolar Alba de 3\u00baC, la Comunidad Educativa del IES La Ribera queremos compartir un mensaje de esperanza, unidad y gratitud y desearos unas Felices Fiestas.<\/p>\n<p>Gracias por acompa\u00f1arnos en el camino porque disfrutar de la Navidad es maravilloso pero compartirla con los dem\u00e1s es mucho m\u00e1s gratificante.<\/p>\n<p>Que esta Navidad est\u00e9 repleta de alegr\u00eda, amor y paz y que el A\u00f1o Nuevo traiga consigo nuevas oportunidades, \u00e9xitos y mucha felicidad.<\/p>\n<p><a href=\"https:\/\/blogsaverroes.juntadeandalucia.es\/ieslaribera\/files\/2025\/12\/WhatsApp-Image-2025-12-22-at-17.17.58.jpeg\"><img fetchpriority=\"high\" decoding=\"async\" class=\"size-medium wp-image-6476 aligncenter\" src=\"https:\/\/blogsaverroes.juntadeandalucia.es\/ieslaribera\/files\/2025\/12\/WhatsApp-Image-2025-12-22-at-17.17.58-212x300.jpeg\" alt=\"\" width=\"212\" height=\"300\" srcset=\"https:\/\/blogsaverroes.juntadeandalucia.es\/ieslaribera\/files\/2025\/12\/WhatsApp-Image-2025-12-22-at-17.17.58-212x300.jpeg 212w, https:\/\/blogsaverroes.juntadeandalucia.es\/ieslaribera\/files\/2025\/12\/WhatsApp-Image-2025-12-22-at-17.17.58-724x1024.jpeg 724w, https:\/\/blogsaverroes.juntadeandalucia.es\/ieslaribera\/files\/2025\/12\/WhatsApp-Image-2025-12-22-at-17.17.58-768x1086.jpeg 768w, https:\/\/blogsaverroes.juntadeandalucia.es\/ieslaribera\/files\/2025\/12\/WhatsApp-Image-2025-12-22-at-17.17.58-1086x1536.jpeg 1086w, https:\/\/blogsaverroes.juntadeandalucia.es\/ieslaribera\/files\/2025\/12\/WhatsApp-Image-2025-12-22-at-17.17.58.jpeg 1131w\" sizes=\"(max-width: 212px) 100vw, 212px\" \/><\/a><\/p>\n","protected":false},"excerpt":{"rendered":"<p>Con esta postal de nuestra alumna Mar\u00eda Escolar Alba de 3\u00baC, la Comunidad Educativa del IES La Ribera queremos compartir un mensaje de esperanza, unidad y gratitud y desearos unas Felices Fiestas. Gracias por&#46;&#46;&#46;<\/p>\n","protected":false},"author":3149,"featured_media":6476,"comment_status":"open","ping_status":"open","sticky":false,"template":"","format":"standard","meta":{"ngg_post_thumbnail":0,"footnotes":""},"categories":[526],"tags":[],"aioseo_notices":[],"_links":{"self":[{"href":"https:\/\/blogsaverroes.juntadeandalucia.es\/ieslaribera\/wp-json\/wp\/v2\/posts\/6475"}],"collection":[{"href":"https:\/\/blogsaverroes.juntadeandalucia.es\/ieslaribera\/wp-json\/wp\/v2\/posts"}],"about":[{"href":"https:\/\/blogsaverroes.juntadeandalucia.es\/ieslaribera\/wp-json\/wp\/v2\/types\/post"}],"author":[{"embeddable":true,"href":"https:\/\/blogsaverroes.juntadeandalucia.es\/ieslaribera\/wp-json\/wp\/v2\/users\/3149"}],"replies":[{"embeddable":true,"href":"https:\/\/blogsaverroes.juntadeandalucia.es\/ieslaribera\/wp-json\/wp\/v2\/comments?post=6475"}],"version-history":[{"count":1,"href":"https:\/\/blogsaverroes.juntadeandalucia.es\/ieslaribera\/wp-json\/wp\/v2\/posts\/6475\/revisions"}],"predecessor-version":[{"id":6477,"href":"https:\/\/blogsaverroes.juntadeandalucia.es\/ieslaribera\/wp-json\/wp\/v2\/posts\/6475\/revisions\/6477"}],"wp:featuredmedia":[{"embeddable":true,"href":"https:\/\/blogsaverroes.juntadeandalucia.es\/ieslaribera\/wp-json\/wp\/v2\/media\/6476"}],"wp:attachment":[{"href":"https:\/\/blogsaverroes.juntadeandalucia.es\/ieslaribera\/wp-json\/wp\/v2\/media?parent=6475"}],"wp:term":[{"taxonomy":"category","embeddable":true,"href":"https:\/\/blogsaverroes.juntadeandalucia.es\/ieslaribera\/wp-json\/wp\/v2\/categories?post=6475"},{"taxonomy":"post_tag","embeddable":true,"href":"https:\/\/blogsaverroes.juntadeandalucia.es\/ieslaribera\/wp-json\/wp\/v2\/tags?post=6475"}],"curies":[{"name":"wp","href":"https:\/\/api.w.org\/{rel}","templated":true}]}}