{"id":6580,"date":"2026-03-02T17:45:27","date_gmt":"2026-03-02T17:45:27","guid":{"rendered":"https:\/\/blogsaverroes.juntadeandalucia.es\/ieslaribera\/?p=6580"},"modified":"2026-03-02T19:10:28","modified_gmt":"2026-03-02T19:10:28","slug":"andalucia-nuestra-tierra","status":"publish","type":"post","link":"https:\/\/blogsaverroes.juntadeandalucia.es\/ieslaribera\/andalucia-nuestra-tierra\/","title":{"rendered":"\u00a1\u00a1Andaluc\u00eda, nuestra tierra!!"},"content":{"rendered":"<p>Hemos celebrado el D\u00eda de Andaluc\u00eda en nuestro instituto. El 28 de Febrero se conmemora el d\u00eda de la celebraci\u00f3n del refer\u00e9ndum sobre la iniciativa del proceso auton\u00f3mico de Andaluc\u00eda del a\u00f1o 1980 que dio autonom\u00eda plena a la comunidad andaluza.<br \/>\nToda la comunidad educativa ha participado y colaborado en esta celebraci\u00f3n. Se han llevado a cabo los siguientes talleres organizados por los departamentos:<\/p>\n<p>&#8211; Lengua Castellana y Literatura: Taller de pasapalabra y de ilustraciones de escritores\/as.<br \/>\n&#8211; Ciencias naturales: Talleres de plantas t\u00edpicas Do\u00f1ana, de aves e industrias de Huelva.<br \/>\n&#8211; Ingl\u00e9s\/Franc\u00e9s: Who wants to be Andalusian? Qui veut \u00eatre andalou?.<br \/>\n&#8211; Orientaci\u00f3n: As\u00ed siento mi tierra, con la realizaci\u00f3n de banderines.<br \/>\n&#8211; Educaci\u00f3n F\u00edsica: Juegos tradicionales.<br \/>\n&#8211; Geograf\u00eda e Historia: Kahoot (concurso cultural sobre Andaluc\u00eda).<br \/>\n&#8211; Matem\u00e1ticas: Teselar el plano con mosaicos, preguntas sobre Andaluc\u00eda y construcci\u00f3n de puentes.<br \/>\n&#8211; Tecnolog\u00eda: Scratch\/torre Han\u00f3i\/puentes<br \/>\n&#8211; M\u00fasica\/Pl\u00e1stica: Repertorio actividades cultura musical andaluza y exposici\u00f3n trabajos con tem\u00e1tica andaluza.<\/p>\n<p>A continuaci\u00f3n lectura de manifiesto y la interpretaci\u00f3n musical del himno de Andaluc\u00eda.<br \/>\nNuestra AMPA La Ribera del Ca\u00f1averal nos han ofrecido un exquisito desayuno andaluz. Desde aqu\u00ed, agradecemos enormemente las aportaciones realizadas por las empresas colaboradoras:<\/p>\n<p>\u2022 Fres Molinero Natur Sat (Sabariego)<br \/>\n\u2022 Asociaci\u00f3n de Agricultores Puerta Do\u00f1ana<\/p>\n<p><a href=\"https:\/\/blogsaverroes.juntadeandalucia.es\/ieslaribera\/files\/2026\/03\/WhatsApp-Image-2026-03-02-at-12.36.511.jpeg\"><img fetchpriority=\"high\" decoding=\"async\" class=\"alignleft size-medium wp-image-6581\" src=\"https:\/\/blogsaverroes.juntadeandalucia.es\/ieslaribera\/files\/2026\/03\/WhatsApp-Image-2026-03-02-at-12.36.511-300x225.jpeg\" alt=\"\" width=\"300\" height=\"225\" srcset=\"https:\/\/blogsaverroes.juntadeandalucia.es\/ieslaribera\/files\/2026\/03\/WhatsApp-Image-2026-03-02-at-12.36.511-300x225.jpeg 300w, https:\/\/blogsaverroes.juntadeandalucia.es\/ieslaribera\/files\/2026\/03\/WhatsApp-Image-2026-03-02-at-12.36.511-1024x769.jpeg 1024w, https:\/\/blogsaverroes.juntadeandalucia.es\/ieslaribera\/files\/2026\/03\/WhatsApp-Image-2026-03-02-at-12.36.511-768x576.jpeg 768w, https:\/\/blogsaverroes.juntadeandalucia.es\/ieslaribera\/files\/2026\/03\/WhatsApp-Image-2026-03-02-at-12.36.511-1536x1153.jpeg 1536w, https:\/\/blogsaverroes.juntadeandalucia.es\/ieslaribera\/files\/2026\/03\/WhatsApp-Image-2026-03-02-at-12.36.511.jpeg 2048w\" sizes=\"(max-width: 300px) 100vw, 300px\" \/><\/a> <a href=\"https:\/\/blogsaverroes.juntadeandalucia.es\/ieslaribera\/files\/2026\/03\/WhatsApp-Image-2026-03-02-at-12.36.51.jpeg\"><img decoding=\"async\" class=\"alignleft size-medium wp-image-6582\" src=\"https:\/\/blogsaverroes.juntadeandalucia.es\/ieslaribera\/files\/2026\/03\/WhatsApp-Image-2026-03-02-at-12.36.51-300x225.jpeg\" alt=\"\" width=\"300\" height=\"225\" srcset=\"https:\/\/blogsaverroes.juntadeandalucia.es\/ieslaribera\/files\/2026\/03\/WhatsApp-Image-2026-03-02-at-12.36.51-300x225.jpeg 300w, https:\/\/blogsaverroes.juntadeandalucia.es\/ieslaribera\/files\/2026\/03\/WhatsApp-Image-2026-03-02-at-12.36.51-1024x769.jpeg 1024w, https:\/\/blogsaverroes.juntadeandalucia.es\/ieslaribera\/files\/2026\/03\/WhatsApp-Image-2026-03-02-at-12.36.51-768x576.jpeg 768w, https:\/\/blogsaverroes.juntadeandalucia.es\/ieslaribera\/files\/2026\/03\/WhatsApp-Image-2026-03-02-at-12.36.51-1536x1153.jpeg 1536w, https:\/\/blogsaverroes.juntadeandalucia.es\/ieslaribera\/files\/2026\/03\/WhatsApp-Image-2026-03-02-at-12.36.51.jpeg 2048w\" sizes=\"(max-width: 300px) 100vw, 300px\" \/><\/a> <a href=\"https:\/\/blogsaverroes.juntadeandalucia.es\/ieslaribera\/files\/2026\/03\/WhatsApp-Image-2026-03-02-at-12.36.509.jpeg\"><img decoding=\"async\" class=\"alignleft size-medium wp-image-6583\" src=\"https:\/\/blogsaverroes.juntadeandalucia.es\/ieslaribera\/files\/2026\/03\/WhatsApp-Image-2026-03-02-at-12.36.509-300x225.jpeg\" alt=\"\" width=\"300\" height=\"225\" srcset=\"https:\/\/blogsaverroes.juntadeandalucia.es\/ieslaribera\/files\/2026\/03\/WhatsApp-Image-2026-03-02-at-12.36.509-300x225.jpeg 300w, https:\/\/blogsaverroes.juntadeandalucia.es\/ieslaribera\/files\/2026\/03\/WhatsApp-Image-2026-03-02-at-12.36.509-1024x769.jpeg 1024w, https:\/\/blogsaverroes.juntadeandalucia.es\/ieslaribera\/files\/2026\/03\/WhatsApp-Image-2026-03-02-at-12.36.509-768x576.jpeg 768w, https:\/\/blogsaverroes.juntadeandalucia.es\/ieslaribera\/files\/2026\/03\/WhatsApp-Image-2026-03-02-at-12.36.509-1536x1153.jpeg 1536w, https:\/\/blogsaverroes.juntadeandalucia.es\/ieslaribera\/files\/2026\/03\/WhatsApp-Image-2026-03-02-at-12.36.509.jpeg 2048w\" sizes=\"(max-width: 300px) 100vw, 300px\" \/><\/a> <a href=\"https:\/\/blogsaverroes.juntadeandalucia.es\/ieslaribera\/files\/2026\/03\/WhatsApp-Image-2026-03-02-at-12.36.508.jpeg\"><img loading=\"lazy\" decoding=\"async\" class=\"alignleft size-medium wp-image-6584\" src=\"https:\/\/blogsaverroes.juntadeandalucia.es\/ieslaribera\/files\/2026\/03\/WhatsApp-Image-2026-03-02-at-12.36.508-300x225.jpeg\" alt=\"\" width=\"300\" height=\"225\" srcset=\"https:\/\/blogsaverroes.juntadeandalucia.es\/ieslaribera\/files\/2026\/03\/WhatsApp-Image-2026-03-02-at-12.36.508-300x225.jpeg 300w, https:\/\/blogsaverroes.juntadeandalucia.es\/ieslaribera\/files\/2026\/03\/WhatsApp-Image-2026-03-02-at-12.36.508-1024x769.jpeg 1024w, https:\/\/blogsaverroes.juntadeandalucia.es\/ieslaribera\/files\/2026\/03\/WhatsApp-Image-2026-03-02-at-12.36.508-768x576.jpeg 768w, https:\/\/blogsaverroes.juntadeandalucia.es\/ieslaribera\/files\/2026\/03\/WhatsApp-Image-2026-03-02-at-12.36.508-1536x1153.jpeg 1536w, https:\/\/blogsaverroes.juntadeandalucia.es\/ieslaribera\/files\/2026\/03\/WhatsApp-Image-2026-03-02-at-12.36.508.jpeg 2048w\" sizes=\"(max-width: 300px) 100vw, 300px\" \/><\/a> <a href=\"https:\/\/blogsaverroes.juntadeandalucia.es\/ieslaribera\/files\/2026\/03\/WhatsApp-Image-2026-03-02-at-12.36.507.jpeg\"><img loading=\"lazy\" decoding=\"async\" class=\"alignleft size-medium wp-image-6585\" src=\"https:\/\/blogsaverroes.juntadeandalucia.es\/ieslaribera\/files\/2026\/03\/WhatsApp-Image-2026-03-02-at-12.36.507-225x300.jpeg\" alt=\"\" width=\"225\" height=\"300\" srcset=\"https:\/\/blogsaverroes.juntadeandalucia.es\/ieslaribera\/files\/2026\/03\/WhatsApp-Image-2026-03-02-at-12.36.507-225x300.jpeg 225w, https:\/\/blogsaverroes.juntadeandalucia.es\/ieslaribera\/files\/2026\/03\/WhatsApp-Image-2026-03-02-at-12.36.507-769x1024.jpeg 769w, https:\/\/blogsaverroes.juntadeandalucia.es\/ieslaribera\/files\/2026\/03\/WhatsApp-Image-2026-03-02-at-12.36.507-768x1023.jpeg 768w, https:\/\/blogsaverroes.juntadeandalucia.es\/ieslaribera\/files\/2026\/03\/WhatsApp-Image-2026-03-02-at-12.36.507-1153x1536.jpeg 1153w, https:\/\/blogsaverroes.juntadeandalucia.es\/ieslaribera\/files\/2026\/03\/WhatsApp-Image-2026-03-02-at-12.36.507.jpeg 1537w\" sizes=\"(max-width: 225px) 100vw, 225px\" \/><\/a> <a href=\"https:\/\/blogsaverroes.juntadeandalucia.es\/ieslaribera\/files\/2026\/03\/WhatsApp-Image-2026-03-02-at-12.36.506.jpeg\"><img loading=\"lazy\" decoding=\"async\" class=\"alignleft size-medium wp-image-6586\" src=\"https:\/\/blogsaverroes.juntadeandalucia.es\/ieslaribera\/files\/2026\/03\/WhatsApp-Image-2026-03-02-at-12.36.506-225x300.jpeg\" alt=\"\" width=\"225\" height=\"300\" srcset=\"https:\/\/blogsaverroes.juntadeandalucia.es\/ieslaribera\/files\/2026\/03\/WhatsApp-Image-2026-03-02-at-12.36.506-225x300.jpeg 225w, https:\/\/blogsaverroes.juntadeandalucia.es\/ieslaribera\/files\/2026\/03\/WhatsApp-Image-2026-03-02-at-12.36.506-769x1024.jpeg 769w, https:\/\/blogsaverroes.juntadeandalucia.es\/ieslaribera\/files\/2026\/03\/WhatsApp-Image-2026-03-02-at-12.36.506-768x1023.jpeg 768w, https:\/\/blogsaverroes.juntadeandalucia.es\/ieslaribera\/files\/2026\/03\/WhatsApp-Image-2026-03-02-at-12.36.506-1153x1536.jpeg 1153w, https:\/\/blogsaverroes.juntadeandalucia.es\/ieslaribera\/files\/2026\/03\/WhatsApp-Image-2026-03-02-at-12.36.506.jpeg 1537w\" sizes=\"(max-width: 225px) 100vw, 225px\" \/><\/a> <a href=\"https:\/\/blogsaverroes.juntadeandalucia.es\/ieslaribera\/files\/2026\/03\/WhatsApp-Image-2026-03-02-at-12.36.505.jpeg\"><img loading=\"lazy\" decoding=\"async\" class=\"alignleft size-medium wp-image-6587\" src=\"https:\/\/blogsaverroes.juntadeandalucia.es\/ieslaribera\/files\/2026\/03\/WhatsApp-Image-2026-03-02-at-12.36.505-225x300.jpeg\" alt=\"\" width=\"225\" height=\"300\" srcset=\"https:\/\/blogsaverroes.juntadeandalucia.es\/ieslaribera\/files\/2026\/03\/WhatsApp-Image-2026-03-02-at-12.36.505-225x300.jpeg 225w, https:\/\/blogsaverroes.juntadeandalucia.es\/ieslaribera\/files\/2026\/03\/WhatsApp-Image-2026-03-02-at-12.36.505-769x1024.jpeg 769w, https:\/\/blogsaverroes.juntadeandalucia.es\/ieslaribera\/files\/2026\/03\/WhatsApp-Image-2026-03-02-at-12.36.505-768x1023.jpeg 768w, https:\/\/blogsaverroes.juntadeandalucia.es\/ieslaribera\/files\/2026\/03\/WhatsApp-Image-2026-03-02-at-12.36.505-1153x1536.jpeg 1153w, https:\/\/blogsaverroes.juntadeandalucia.es\/ieslaribera\/files\/2026\/03\/WhatsApp-Image-2026-03-02-at-12.36.505.jpeg 1537w\" sizes=\"(max-width: 225px) 100vw, 225px\" \/><\/a> <a href=\"https:\/\/blogsaverroes.juntadeandalucia.es\/ieslaribera\/files\/2026\/03\/WhatsApp-Image-2026-03-02-at-12.36.503.jpeg\"><img loading=\"lazy\" decoding=\"async\" class=\"alignleft size-medium wp-image-6589\" src=\"https:\/\/blogsaverroes.juntadeandalucia.es\/ieslaribera\/files\/2026\/03\/WhatsApp-Image-2026-03-02-at-12.36.503-300x225.jpeg\" alt=\"\" width=\"300\" height=\"225\" srcset=\"https:\/\/blogsaverroes.juntadeandalucia.es\/ieslaribera\/files\/2026\/03\/WhatsApp-Image-2026-03-02-at-12.36.503-300x225.jpeg 300w, https:\/\/blogsaverroes.juntadeandalucia.es\/ieslaribera\/files\/2026\/03\/WhatsApp-Image-2026-03-02-at-12.36.503-1024x768.jpeg 1024w, https:\/\/blogsaverroes.juntadeandalucia.es\/ieslaribera\/files\/2026\/03\/WhatsApp-Image-2026-03-02-at-12.36.503-768x576.jpeg 768w, https:\/\/blogsaverroes.juntadeandalucia.es\/ieslaribera\/files\/2026\/03\/WhatsApp-Image-2026-03-02-at-12.36.503-1536x1152.jpeg 1536w, https:\/\/blogsaverroes.juntadeandalucia.es\/ieslaribera\/files\/2026\/03\/WhatsApp-Image-2026-03-02-at-12.36.503.jpeg 2048w\" sizes=\"(max-width: 300px) 100vw, 300px\" \/><\/a> <a href=\"https:\/\/blogsaverroes.juntadeandalucia.es\/ieslaribera\/files\/2026\/03\/WhatsApp-Image-2026-03-02-at-12.36.502.jpeg\"><img loading=\"lazy\" decoding=\"async\" class=\"alignleft size-medium wp-image-6590\" src=\"https:\/\/blogsaverroes.juntadeandalucia.es\/ieslaribera\/files\/2026\/03\/WhatsApp-Image-2026-03-02-at-12.36.502-300x225.jpeg\" alt=\"\" width=\"300\" height=\"225\" srcset=\"https:\/\/blogsaverroes.juntadeandalucia.es\/ieslaribera\/files\/2026\/03\/WhatsApp-Image-2026-03-02-at-12.36.502-300x225.jpeg 300w, https:\/\/blogsaverroes.juntadeandalucia.es\/ieslaribera\/files\/2026\/03\/WhatsApp-Image-2026-03-02-at-12.36.502-1024x769.jpeg 1024w, https:\/\/blogsaverroes.juntadeandalucia.es\/ieslaribera\/files\/2026\/03\/WhatsApp-Image-2026-03-02-at-12.36.502-768x576.jpeg 768w, https:\/\/blogsaverroes.juntadeandalucia.es\/ieslaribera\/files\/2026\/03\/WhatsApp-Image-2026-03-02-at-12.36.502-1536x1153.jpeg 1536w, https:\/\/blogsaverroes.juntadeandalucia.es\/ieslaribera\/files\/2026\/03\/WhatsApp-Image-2026-03-02-at-12.36.502.jpeg 2048w\" sizes=\"(max-width: 300px) 100vw, 300px\" \/><\/a> <a href=\"https:\/\/blogsaverroes.juntadeandalucia.es\/ieslaribera\/files\/2026\/03\/WhatsApp-Image-2026-03-02-at-12.36.50.jpeg\"><img loading=\"lazy\" decoding=\"async\" class=\"alignleft size-medium wp-image-6592\" src=\"https:\/\/blogsaverroes.juntadeandalucia.es\/ieslaribera\/files\/2026\/03\/WhatsApp-Image-2026-03-02-at-12.36.50-300x225.jpeg\" alt=\"\" width=\"300\" height=\"225\" srcset=\"https:\/\/blogsaverroes.juntadeandalucia.es\/ieslaribera\/files\/2026\/03\/WhatsApp-Image-2026-03-02-at-12.36.50-300x225.jpeg 300w, https:\/\/blogsaverroes.juntadeandalucia.es\/ieslaribera\/files\/2026\/03\/WhatsApp-Image-2026-03-02-at-12.36.50-1024x769.jpeg 1024w, https:\/\/blogsaverroes.juntadeandalucia.es\/ieslaribera\/files\/2026\/03\/WhatsApp-Image-2026-03-02-at-12.36.50-768x576.jpeg 768w, https:\/\/blogsaverroes.juntadeandalucia.es\/ieslaribera\/files\/2026\/03\/WhatsApp-Image-2026-03-02-at-12.36.50-1536x1153.jpeg 1536w, https:\/\/blogsaverroes.juntadeandalucia.es\/ieslaribera\/files\/2026\/03\/WhatsApp-Image-2026-03-02-at-12.36.50.jpeg 2048w\" sizes=\"(max-width: 300px) 100vw, 300px\" \/><\/a> <a href=\"https:\/\/blogsaverroes.juntadeandalucia.es\/ieslaribera\/files\/2026\/03\/WhatsApp-Image-2026-03-02-at-12.36.493.jpeg\"><img loading=\"lazy\" decoding=\"async\" class=\"alignleft size-medium wp-image-6594\" src=\"https:\/\/blogsaverroes.juntadeandalucia.es\/ieslaribera\/files\/2026\/03\/WhatsApp-Image-2026-03-02-at-12.36.493-300x225.jpeg\" alt=\"\" width=\"300\" height=\"225\" srcset=\"https:\/\/blogsaverroes.juntadeandalucia.es\/ieslaribera\/files\/2026\/03\/WhatsApp-Image-2026-03-02-at-12.36.493-300x225.jpeg 300w, https:\/\/blogsaverroes.juntadeandalucia.es\/ieslaribera\/files\/2026\/03\/WhatsApp-Image-2026-03-02-at-12.36.493-1024x769.jpeg 1024w, https:\/\/blogsaverroes.juntadeandalucia.es\/ieslaribera\/files\/2026\/03\/WhatsApp-Image-2026-03-02-at-12.36.493-768x576.jpeg 768w, https:\/\/blogsaverroes.juntadeandalucia.es\/ieslaribera\/files\/2026\/03\/WhatsApp-Image-2026-03-02-at-12.36.493-1536x1153.jpeg 1536w, https:\/\/blogsaverroes.juntadeandalucia.es\/ieslaribera\/files\/2026\/03\/WhatsApp-Image-2026-03-02-at-12.36.493.jpeg 2048w\" sizes=\"(max-width: 300px) 100vw, 300px\" \/><\/a> <a href=\"https:\/\/blogsaverroes.juntadeandalucia.es\/ieslaribera\/files\/2026\/03\/WhatsApp-Image-2026-03-02-at-12.36.491.jpeg\"><img loading=\"lazy\" decoding=\"async\" class=\"alignleft size-medium wp-image-6596\" src=\"https:\/\/blogsaverroes.juntadeandalucia.es\/ieslaribera\/files\/2026\/03\/WhatsApp-Image-2026-03-02-at-12.36.491-300x225.jpeg\" alt=\"\" width=\"300\" height=\"225\" srcset=\"https:\/\/blogsaverroes.juntadeandalucia.es\/ieslaribera\/files\/2026\/03\/WhatsApp-Image-2026-03-02-at-12.36.491-300x225.jpeg 300w, https:\/\/blogsaverroes.juntadeandalucia.es\/ieslaribera\/files\/2026\/03\/WhatsApp-Image-2026-03-02-at-12.36.491-1024x769.jpeg 1024w, https:\/\/blogsaverroes.juntadeandalucia.es\/ieslaribera\/files\/2026\/03\/WhatsApp-Image-2026-03-02-at-12.36.491-768x576.jpeg 768w, https:\/\/blogsaverroes.juntadeandalucia.es\/ieslaribera\/files\/2026\/03\/WhatsApp-Image-2026-03-02-at-12.36.491-1536x1153.jpeg 1536w, https:\/\/blogsaverroes.juntadeandalucia.es\/ieslaribera\/files\/2026\/03\/WhatsApp-Image-2026-03-02-at-12.36.491.jpeg 2048w\" sizes=\"(max-width: 300px) 100vw, 300px\" \/><\/a> <a href=\"https:\/\/blogsaverroes.juntadeandalucia.es\/ieslaribera\/files\/2026\/03\/WhatsApp-Image-2026-03-02-at-12.36.49.jpeg\"><img loading=\"lazy\" decoding=\"async\" class=\"alignleft size-medium wp-image-6597\" src=\"https:\/\/blogsaverroes.juntadeandalucia.es\/ieslaribera\/files\/2026\/03\/WhatsApp-Image-2026-03-02-at-12.36.49-225x300.jpeg\" alt=\"\" width=\"225\" height=\"300\" srcset=\"https:\/\/blogsaverroes.juntadeandalucia.es\/ieslaribera\/files\/2026\/03\/WhatsApp-Image-2026-03-02-at-12.36.49-225x300.jpeg 225w, https:\/\/blogsaverroes.juntadeandalucia.es\/ieslaribera\/files\/2026\/03\/WhatsApp-Image-2026-03-02-at-12.36.49-769x1024.jpeg 769w, https:\/\/blogsaverroes.juntadeandalucia.es\/ieslaribera\/files\/2026\/03\/WhatsApp-Image-2026-03-02-at-12.36.49-768x1023.jpeg 768w, https:\/\/blogsaverroes.juntadeandalucia.es\/ieslaribera\/files\/2026\/03\/WhatsApp-Image-2026-03-02-at-12.36.49-1153x1536.jpeg 1153w, https:\/\/blogsaverroes.juntadeandalucia.es\/ieslaribera\/files\/2026\/03\/WhatsApp-Image-2026-03-02-at-12.36.49.jpeg 1537w\" sizes=\"(max-width: 225px) 100vw, 225px\" \/><\/a><a href=\"https:\/\/blogsaverroes.juntadeandalucia.es\/ieslaribera\/files\/2026\/03\/WhatsApp-Image-2026-03-02-at-12.36.492.jpeg\"><img loading=\"lazy\" decoding=\"async\" class=\"alignleft size-medium wp-image-6595\" src=\"https:\/\/blogsaverroes.juntadeandalucia.es\/ieslaribera\/files\/2026\/03\/WhatsApp-Image-2026-03-02-at-12.36.492-225x300.jpeg\" alt=\"\" width=\"225\" height=\"300\" srcset=\"https:\/\/blogsaverroes.juntadeandalucia.es\/ieslaribera\/files\/2026\/03\/WhatsApp-Image-2026-03-02-at-12.36.492-225x300.jpeg 225w, https:\/\/blogsaverroes.juntadeandalucia.es\/ieslaribera\/files\/2026\/03\/WhatsApp-Image-2026-03-02-at-12.36.492-769x1024.jpeg 769w, https:\/\/blogsaverroes.juntadeandalucia.es\/ieslaribera\/files\/2026\/03\/WhatsApp-Image-2026-03-02-at-12.36.492-768x1023.jpeg 768w, https:\/\/blogsaverroes.juntadeandalucia.es\/ieslaribera\/files\/2026\/03\/WhatsApp-Image-2026-03-02-at-12.36.492-1153x1536.jpeg 1153w, https:\/\/blogsaverroes.juntadeandalucia.es\/ieslaribera\/files\/2026\/03\/WhatsApp-Image-2026-03-02-at-12.36.492.jpeg 1537w\" sizes=\"(max-width: 225px) 100vw, 225px\" \/><\/a> <a href=\"https:\/\/blogsaverroes.juntadeandalucia.es\/ieslaribera\/files\/2026\/03\/WhatsApp-Image-2026-03-02-at-12.36.462.jpeg\"><img loading=\"lazy\" decoding=\"async\" class=\"alignleft size-medium wp-image-6598\" src=\"https:\/\/blogsaverroes.juntadeandalucia.es\/ieslaribera\/files\/2026\/03\/WhatsApp-Image-2026-03-02-at-12.36.462-225x300.jpeg\" alt=\"\" width=\"225\" height=\"300\" srcset=\"https:\/\/blogsaverroes.juntadeandalucia.es\/ieslaribera\/files\/2026\/03\/WhatsApp-Image-2026-03-02-at-12.36.462-225x300.jpeg 225w, https:\/\/blogsaverroes.juntadeandalucia.es\/ieslaribera\/files\/2026\/03\/WhatsApp-Image-2026-03-02-at-12.36.462-769x1024.jpeg 769w, https:\/\/blogsaverroes.juntadeandalucia.es\/ieslaribera\/files\/2026\/03\/WhatsApp-Image-2026-03-02-at-12.36.462-768x1023.jpeg 768w, https:\/\/blogsaverroes.juntadeandalucia.es\/ieslaribera\/files\/2026\/03\/WhatsApp-Image-2026-03-02-at-12.36.462-1153x1536.jpeg 1153w, https:\/\/blogsaverroes.juntadeandalucia.es\/ieslaribera\/files\/2026\/03\/WhatsApp-Image-2026-03-02-at-12.36.462.jpeg 1537w\" sizes=\"(max-width: 225px) 100vw, 225px\" \/><\/a> <a href=\"https:\/\/blogsaverroes.juntadeandalucia.es\/ieslaribera\/files\/2026\/03\/WhatsApp-Image-2026-03-02-at-12.36.461.jpeg\"><img loading=\"lazy\" decoding=\"async\" class=\"alignleft size-medium wp-image-6599\" src=\"https:\/\/blogsaverroes.juntadeandalucia.es\/ieslaribera\/files\/2026\/03\/WhatsApp-Image-2026-03-02-at-12.36.461-225x300.jpeg\" alt=\"\" width=\"225\" height=\"300\" srcset=\"https:\/\/blogsaverroes.juntadeandalucia.es\/ieslaribera\/files\/2026\/03\/WhatsApp-Image-2026-03-02-at-12.36.461-225x300.jpeg 225w, https:\/\/blogsaverroes.juntadeandalucia.es\/ieslaribera\/files\/2026\/03\/WhatsApp-Image-2026-03-02-at-12.36.461-769x1024.jpeg 769w, https:\/\/blogsaverroes.juntadeandalucia.es\/ieslaribera\/files\/2026\/03\/WhatsApp-Image-2026-03-02-at-12.36.461-768x1023.jpeg 768w, https:\/\/blogsaverroes.juntadeandalucia.es\/ieslaribera\/files\/2026\/03\/WhatsApp-Image-2026-03-02-at-12.36.461-1153x1536.jpeg 1153w, https:\/\/blogsaverroes.juntadeandalucia.es\/ieslaribera\/files\/2026\/03\/WhatsApp-Image-2026-03-02-at-12.36.461.jpeg 1537w\" sizes=\"(max-width: 225px) 100vw, 225px\" \/><\/a> <a href=\"https:\/\/blogsaverroes.juntadeandalucia.es\/ieslaribera\/files\/2026\/03\/WhatsApp-Image-2026-03-02-at-12.36.46.jpeg\"><img loading=\"lazy\" decoding=\"async\" class=\"alignleft size-medium wp-image-6600\" src=\"https:\/\/blogsaverroes.juntadeandalucia.es\/ieslaribera\/files\/2026\/03\/WhatsApp-Image-2026-03-02-at-12.36.46-225x300.jpeg\" alt=\"\" width=\"225\" height=\"300\" srcset=\"https:\/\/blogsaverroes.juntadeandalucia.es\/ieslaribera\/files\/2026\/03\/WhatsApp-Image-2026-03-02-at-12.36.46-225x300.jpeg 225w, https:\/\/blogsaverroes.juntadeandalucia.es\/ieslaribera\/files\/2026\/03\/WhatsApp-Image-2026-03-02-at-12.36.46-769x1024.jpeg 769w, https:\/\/blogsaverroes.juntadeandalucia.es\/ieslaribera\/files\/2026\/03\/WhatsApp-Image-2026-03-02-at-12.36.46-768x1023.jpeg 768w, https:\/\/blogsaverroes.juntadeandalucia.es\/ieslaribera\/files\/2026\/03\/WhatsApp-Image-2026-03-02-at-12.36.46-1153x1536.jpeg 1153w, https:\/\/blogsaverroes.juntadeandalucia.es\/ieslaribera\/files\/2026\/03\/WhatsApp-Image-2026-03-02-at-12.36.46.jpeg 1537w\" sizes=\"(max-width: 225px) 100vw, 225px\" \/><\/a> <a href=\"https:\/\/blogsaverroes.juntadeandalucia.es\/ieslaribera\/files\/2026\/03\/WhatsApp-Image-2026-03-02-at-12.36.451.jpeg\"><img loading=\"lazy\" decoding=\"async\" class=\"alignleft size-medium wp-image-6601\" src=\"https:\/\/blogsaverroes.juntadeandalucia.es\/ieslaribera\/files\/2026\/03\/WhatsApp-Image-2026-03-02-at-12.36.451-300x225.jpeg\" alt=\"\" width=\"300\" height=\"225\" srcset=\"https:\/\/blogsaverroes.juntadeandalucia.es\/ieslaribera\/files\/2026\/03\/WhatsApp-Image-2026-03-02-at-12.36.451-300x225.jpeg 300w, https:\/\/blogsaverroes.juntadeandalucia.es\/ieslaribera\/files\/2026\/03\/WhatsApp-Image-2026-03-02-at-12.36.451-1024x769.jpeg 1024w, https:\/\/blogsaverroes.juntadeandalucia.es\/ieslaribera\/files\/2026\/03\/WhatsApp-Image-2026-03-02-at-12.36.451-768x576.jpeg 768w, https:\/\/blogsaverroes.juntadeandalucia.es\/ieslaribera\/files\/2026\/03\/WhatsApp-Image-2026-03-02-at-12.36.451-1536x1153.jpeg 1536w, https:\/\/blogsaverroes.juntadeandalucia.es\/ieslaribera\/files\/2026\/03\/WhatsApp-Image-2026-03-02-at-12.36.451.jpeg 2048w\" sizes=\"(max-width: 300px) 100vw, 300px\" \/><\/a><\/p>\n","protected":false},"excerpt":{"rendered":"<p>Hemos celebrado el D\u00eda de Andaluc\u00eda en nuestro instituto. El 28 de Febrero se conmemora el d\u00eda de la celebraci\u00f3n del refer\u00e9ndum sobre la iniciativa del proceso auton\u00f3mico de Andaluc\u00eda del a\u00f1o 1980 que&#46;&#46;&#46;<\/p>\n","protected":false},"author":3149,"featured_media":6596,"comment_status":"open","ping_status":"open","sticky":false,"template":"","format":"standard","meta":{"ngg_post_thumbnail":0,"footnotes":""},"categories":[526],"tags":[],"aioseo_notices":[],"_links":{"self":[{"href":"https:\/\/blogsaverroes.juntadeandalucia.es\/ieslaribera\/wp-json\/wp\/v2\/posts\/6580"}],"collection":[{"href":"https:\/\/blogsaverroes.juntadeandalucia.es\/ieslaribera\/wp-json\/wp\/v2\/posts"}],"about":[{"href":"https:\/\/blogsaverroes.juntadeandalucia.es\/ieslaribera\/wp-json\/wp\/v2\/types\/post"}],"author":[{"embeddable":true,"href":"https:\/\/blogsaverroes.juntadeandalucia.es\/ieslaribera\/wp-json\/wp\/v2\/users\/3149"}],"replies":[{"embeddable":true,"href":"https:\/\/blogsaverroes.juntadeandalucia.es\/ieslaribera\/wp-json\/wp\/v2\/comments?post=6580"}],"version-history":[{"count":3,"href":"https:\/\/blogsaverroes.juntadeandalucia.es\/ieslaribera\/wp-json\/wp\/v2\/posts\/6580\/revisions"}],"predecessor-version":[{"id":6605,"href":"https:\/\/blogsaverroes.juntadeandalucia.es\/ieslaribera\/wp-json\/wp\/v2\/posts\/6580\/revisions\/6605"}],"wp:featuredmedia":[{"embeddable":true,"href":"https:\/\/blogsaverroes.juntadeandalucia.es\/ieslaribera\/wp-json\/wp\/v2\/media\/6596"}],"wp:attachment":[{"href":"https:\/\/blogsaverroes.juntadeandalucia.es\/ieslaribera\/wp-json\/wp\/v2\/media?parent=6580"}],"wp:term":[{"taxonomy":"category","embeddable":true,"href":"https:\/\/blogsaverroes.juntadeandalucia.es\/ieslaribera\/wp-json\/wp\/v2\/categories?post=6580"},{"taxonomy":"post_tag","embeddable":true,"href":"https:\/\/blogsaverroes.juntadeandalucia.es\/ieslaribera\/wp-json\/wp\/v2\/tags?post=6580"}],"curies":[{"name":"wp","href":"https:\/\/api.w.org\/{rel}","templated":true}]}}