{"id":6717,"date":"2026-03-20T18:16:25","date_gmt":"2026-03-20T18:16:25","guid":{"rendered":"https:\/\/blogsaverroes.juntadeandalucia.es\/ieslaribera\/?p=6717"},"modified":"2026-03-20T18:21:30","modified_gmt":"2026-03-20T18:21:30","slug":"palabras-que-cuidan-acciones-que-educan","status":"publish","type":"post","link":"https:\/\/blogsaverroes.juntadeandalucia.es\/ieslaribera\/palabras-que-cuidan-acciones-que-educan\/","title":{"rendered":"Palabras que cuidan, acciones que educan"},"content":{"rendered":"<p>El alumnado de 2\u00ba de la ESO ha participado en la \u201cCampa\u00f1a Educativa para la Prevenci\u00f3n del Acoso, la Violencia entre Iguales y las Conductas Autolesivas con Perspectiva de G\u00e9nero\u201d, cuyos talleres han sido impartidos por la psic\u00f3loga Elvira D\u00edaz Trujillo. Estos han consistido en una psicoeducaci\u00f3n introductoria, el an\u00e1lisis de situaciones reales del d\u00eda a d\u00eda del alumnado y la realizaci\u00f3n de una actividad grupal.<\/p>\n<p>Asimismo, esta campa\u00f1a es complementaria al proyecto \u201cPalabras que cuidan\u201d, desarrollado por el Ayuntamiento de Almonte, al que agradecemos su iniciativa y el fomento de esta campa\u00f1a en los centros educativos.<\/p>\n<p>Felicitar a Elvira D\u00edaz por su implicaci\u00f3n y el excelente trabajo realizado con nuestro alumnado en el desarrollo de esta actividad.<\/p>\n<p><a href=\"https:\/\/blogsaverroes.juntadeandalucia.es\/ieslaribera\/files\/2026\/03\/WhatsApp-Image-2026-03-19-at-19.39.134.jpeg\"><img fetchpriority=\"high\" decoding=\"async\" class=\"alignleft size-medium wp-image-6720\" src=\"https:\/\/blogsaverroes.juntadeandalucia.es\/ieslaribera\/files\/2026\/03\/WhatsApp-Image-2026-03-19-at-19.39.134-225x300.jpeg\" alt=\"\" width=\"225\" height=\"300\" srcset=\"https:\/\/blogsaverroes.juntadeandalucia.es\/ieslaribera\/files\/2026\/03\/WhatsApp-Image-2026-03-19-at-19.39.134-225x300.jpeg 225w, https:\/\/blogsaverroes.juntadeandalucia.es\/ieslaribera\/files\/2026\/03\/WhatsApp-Image-2026-03-19-at-19.39.134-768x1024.jpeg 768w, https:\/\/blogsaverroes.juntadeandalucia.es\/ieslaribera\/files\/2026\/03\/WhatsApp-Image-2026-03-19-at-19.39.134-1152x1536.jpeg 1152w, https:\/\/blogsaverroes.juntadeandalucia.es\/ieslaribera\/files\/2026\/03\/WhatsApp-Image-2026-03-19-at-19.39.134.jpeg 1500w\" sizes=\"(max-width: 225px) 100vw, 225px\" \/><\/a><a href=\"https:\/\/blogsaverroes.juntadeandalucia.es\/ieslaribera\/files\/2026\/03\/WhatsApp-Image-2026-03-19-at-19.39.132.jpeg\"><img decoding=\"async\" class=\"alignleft size-medium wp-image-6722\" src=\"https:\/\/blogsaverroes.juntadeandalucia.es\/ieslaribera\/files\/2026\/03\/WhatsApp-Image-2026-03-19-at-19.39.132-225x300.jpeg\" alt=\"\" width=\"225\" height=\"300\" srcset=\"https:\/\/blogsaverroes.juntadeandalucia.es\/ieslaribera\/files\/2026\/03\/WhatsApp-Image-2026-03-19-at-19.39.132-225x300.jpeg 225w, https:\/\/blogsaverroes.juntadeandalucia.es\/ieslaribera\/files\/2026\/03\/WhatsApp-Image-2026-03-19-at-19.39.132-768x1024.jpeg 768w, https:\/\/blogsaverroes.juntadeandalucia.es\/ieslaribera\/files\/2026\/03\/WhatsApp-Image-2026-03-19-at-19.39.132-1152x1536.jpeg 1152w, https:\/\/blogsaverroes.juntadeandalucia.es\/ieslaribera\/files\/2026\/03\/WhatsApp-Image-2026-03-19-at-19.39.132.jpeg 1536w\" sizes=\"(max-width: 225px) 100vw, 225px\" \/><\/a><a href=\"https:\/\/blogsaverroes.juntadeandalucia.es\/ieslaribera\/files\/2026\/03\/WhatsApp-Image-2026-03-19-at-19.39.133.jpeg\"><img decoding=\"async\" class=\"alignleft size-medium wp-image-6721\" src=\"https:\/\/blogsaverroes.juntadeandalucia.es\/ieslaribera\/files\/2026\/03\/WhatsApp-Image-2026-03-19-at-19.39.133-225x300.jpeg\" alt=\"\" width=\"225\" height=\"300\" srcset=\"https:\/\/blogsaverroes.juntadeandalucia.es\/ieslaribera\/files\/2026\/03\/WhatsApp-Image-2026-03-19-at-19.39.133-225x300.jpeg 225w, https:\/\/blogsaverroes.juntadeandalucia.es\/ieslaribera\/files\/2026\/03\/WhatsApp-Image-2026-03-19-at-19.39.133-768x1024.jpeg 768w, https:\/\/blogsaverroes.juntadeandalucia.es\/ieslaribera\/files\/2026\/03\/WhatsApp-Image-2026-03-19-at-19.39.133-1152x1536.jpeg 1152w, https:\/\/blogsaverroes.juntadeandalucia.es\/ieslaribera\/files\/2026\/03\/WhatsApp-Image-2026-03-19-at-19.39.133.jpeg 1500w\" sizes=\"(max-width: 225px) 100vw, 225px\" \/><\/a> <a href=\"https:\/\/blogsaverroes.juntadeandalucia.es\/ieslaribera\/files\/2026\/03\/WhatsApp-Image-2026-03-19-at-19.39.131.jpeg\"><img loading=\"lazy\" decoding=\"async\" class=\"alignleft size-medium wp-image-6723\" src=\"https:\/\/blogsaverroes.juntadeandalucia.es\/ieslaribera\/files\/2026\/03\/WhatsApp-Image-2026-03-19-at-19.39.131-225x300.jpeg\" alt=\"\" width=\"225\" height=\"300\" srcset=\"https:\/\/blogsaverroes.juntadeandalucia.es\/ieslaribera\/files\/2026\/03\/WhatsApp-Image-2026-03-19-at-19.39.131-225x300.jpeg 225w, https:\/\/blogsaverroes.juntadeandalucia.es\/ieslaribera\/files\/2026\/03\/WhatsApp-Image-2026-03-19-at-19.39.131-768x1024.jpeg 768w, https:\/\/blogsaverroes.juntadeandalucia.es\/ieslaribera\/files\/2026\/03\/WhatsApp-Image-2026-03-19-at-19.39.131-1152x1536.jpeg 1152w, https:\/\/blogsaverroes.juntadeandalucia.es\/ieslaribera\/files\/2026\/03\/WhatsApp-Image-2026-03-19-at-19.39.131.jpeg 1500w\" sizes=\"(max-width: 225px) 100vw, 225px\" \/><\/a><a href=\"https:\/\/blogsaverroes.juntadeandalucia.es\/ieslaribera\/files\/2026\/03\/WhatsApp-Image-2026-03-19-at-19.39.13.jpeg\"><img loading=\"lazy\" decoding=\"async\" class=\"alignleft size-medium wp-image-6724\" src=\"https:\/\/blogsaverroes.juntadeandalucia.es\/ieslaribera\/files\/2026\/03\/WhatsApp-Image-2026-03-19-at-19.39.13-225x300.jpeg\" alt=\"\" width=\"225\" height=\"300\" srcset=\"https:\/\/blogsaverroes.juntadeandalucia.es\/ieslaribera\/files\/2026\/03\/WhatsApp-Image-2026-03-19-at-19.39.13-225x300.jpeg 225w, https:\/\/blogsaverroes.juntadeandalucia.es\/ieslaribera\/files\/2026\/03\/WhatsApp-Image-2026-03-19-at-19.39.13-768x1024.jpeg 768w, https:\/\/blogsaverroes.juntadeandalucia.es\/ieslaribera\/files\/2026\/03\/WhatsApp-Image-2026-03-19-at-19.39.13-1152x1536.jpeg 1152w, https:\/\/blogsaverroes.juntadeandalucia.es\/ieslaribera\/files\/2026\/03\/WhatsApp-Image-2026-03-19-at-19.39.13.jpeg 1500w\" sizes=\"(max-width: 225px) 100vw, 225px\" \/><\/a><\/p>\n","protected":false},"excerpt":{"rendered":"<p>El alumnado de 2\u00ba de la ESO ha participado en la \u201cCampa\u00f1a Educativa para la Prevenci\u00f3n del Acoso, la Violencia entre Iguales y las Conductas Autolesivas con Perspectiva de G\u00e9nero\u201d, cuyos talleres han sido&#46;&#46;&#46;<\/p>\n","protected":false},"author":3149,"featured_media":6722,"comment_status":"open","ping_status":"open","sticky":false,"template":"","format":"standard","meta":{"ngg_post_thumbnail":0,"footnotes":""},"categories":[526],"tags":[],"aioseo_notices":[],"_links":{"self":[{"href":"https:\/\/blogsaverroes.juntadeandalucia.es\/ieslaribera\/wp-json\/wp\/v2\/posts\/6717"}],"collection":[{"href":"https:\/\/blogsaverroes.juntadeandalucia.es\/ieslaribera\/wp-json\/wp\/v2\/posts"}],"about":[{"href":"https:\/\/blogsaverroes.juntadeandalucia.es\/ieslaribera\/wp-json\/wp\/v2\/types\/post"}],"author":[{"embeddable":true,"href":"https:\/\/blogsaverroes.juntadeandalucia.es\/ieslaribera\/wp-json\/wp\/v2\/users\/3149"}],"replies":[{"embeddable":true,"href":"https:\/\/blogsaverroes.juntadeandalucia.es\/ieslaribera\/wp-json\/wp\/v2\/comments?post=6717"}],"version-history":[{"count":3,"href":"https:\/\/blogsaverroes.juntadeandalucia.es\/ieslaribera\/wp-json\/wp\/v2\/posts\/6717\/revisions"}],"predecessor-version":[{"id":6727,"href":"https:\/\/blogsaverroes.juntadeandalucia.es\/ieslaribera\/wp-json\/wp\/v2\/posts\/6717\/revisions\/6727"}],"wp:featuredmedia":[{"embeddable":true,"href":"https:\/\/blogsaverroes.juntadeandalucia.es\/ieslaribera\/wp-json\/wp\/v2\/media\/6722"}],"wp:attachment":[{"href":"https:\/\/blogsaverroes.juntadeandalucia.es\/ieslaribera\/wp-json\/wp\/v2\/media?parent=6717"}],"wp:term":[{"taxonomy":"category","embeddable":true,"href":"https:\/\/blogsaverroes.juntadeandalucia.es\/ieslaribera\/wp-json\/wp\/v2\/categories?post=6717"},{"taxonomy":"post_tag","embeddable":true,"href":"https:\/\/blogsaverroes.juntadeandalucia.es\/ieslaribera\/wp-json\/wp\/v2\/tags?post=6717"}],"curies":[{"name":"wp","href":"https:\/\/api.w.org\/{rel}","templated":true}]}}