{"id":1606,"date":"2025-03-12T18:23:18","date_gmt":"2025-03-12T16:23:18","guid":{"rendered":"https:\/\/blogsaverroes.juntadeandalucia.es\/ieslasencinas\/?p=1606"},"modified":"2025-03-18T15:04:10","modified_gmt":"2025-03-18T13:04:10","slug":"educacion-vial","status":"publish","type":"post","link":"https:\/\/blogsaverroes.juntadeandalucia.es\/ieslasencinas\/educacion-vial\/","title":{"rendered":"Educaci\u00f3n Vial"},"content":{"rendered":"<p>El alumnado de 4 de ESO ha tenido hoy la charla de la Asociaci\u00f3n de Lesionados Medulares por Accidentes de Tr\u00e1fico, <strong>AESLEME<\/strong>, dentro de la actividad de Educaci\u00f3n Vial.<br \/>\nLa charla ha sido online en las horas de tutor\u00eda.<br \/>\nComo cada a\u00f1o el contenido es muy interesante y una ense\u00f1anza importante para nuestro alumnado.<\/p>\n<p><img loading=\"lazy\" decoding=\"async\" class=\"wp-image-1607 aligncenter\" src=\"https:\/\/blogsaverroes.juntadeandalucia.es\/ieslasencinas\/files\/2025\/03\/Imagen-de-WhatsApp-2025-03-12-a-las-12.02.19_6c28344c-300x225.jpg\" alt=\"\" width=\"339\" height=\"254\" srcset=\"https:\/\/blogsaverroes.juntadeandalucia.es\/ieslasencinas\/files\/2025\/03\/Imagen-de-WhatsApp-2025-03-12-a-las-12.02.19_6c28344c-300x225.jpg 300w, https:\/\/blogsaverroes.juntadeandalucia.es\/ieslasencinas\/files\/2025\/03\/Imagen-de-WhatsApp-2025-03-12-a-las-12.02.19_6c28344c-1024x768.jpg 1024w, https:\/\/blogsaverroes.juntadeandalucia.es\/ieslasencinas\/files\/2025\/03\/Imagen-de-WhatsApp-2025-03-12-a-las-12.02.19_6c28344c-768x576.jpg 768w, https:\/\/blogsaverroes.juntadeandalucia.es\/ieslasencinas\/files\/2025\/03\/Imagen-de-WhatsApp-2025-03-12-a-las-12.02.19_6c28344c-1536x1152.jpg 1536w, https:\/\/blogsaverroes.juntadeandalucia.es\/ieslasencinas\/files\/2025\/03\/Imagen-de-WhatsApp-2025-03-12-a-las-12.02.19_6c28344c-2048x1536.jpg 2048w\" sizes=\"(max-width: 339px) 100vw, 339px\" \/> <img loading=\"lazy\" decoding=\"async\" class=\"alignnone  wp-image-1608\" src=\"https:\/\/blogsaverroes.juntadeandalucia.es\/ieslasencinas\/files\/2025\/03\/Imagen-de-WhatsApp-2025-03-12-a-las-12.01.55_83fb8991-225x300.jpg\" alt=\"\" width=\"263\" height=\"351\" srcset=\"https:\/\/blogsaverroes.juntadeandalucia.es\/ieslasencinas\/files\/2025\/03\/Imagen-de-WhatsApp-2025-03-12-a-las-12.01.55_83fb8991-225x300.jpg 225w, https:\/\/blogsaverroes.juntadeandalucia.es\/ieslasencinas\/files\/2025\/03\/Imagen-de-WhatsApp-2025-03-12-a-las-12.01.55_83fb8991-768x1024.jpg 768w, https:\/\/blogsaverroes.juntadeandalucia.es\/ieslasencinas\/files\/2025\/03\/Imagen-de-WhatsApp-2025-03-12-a-las-12.01.55_83fb8991-1152x1536.jpg 1152w, https:\/\/blogsaverroes.juntadeandalucia.es\/ieslasencinas\/files\/2025\/03\/Imagen-de-WhatsApp-2025-03-12-a-las-12.01.55_83fb8991.jpg 1200w\" sizes=\"(max-width: 263px) 100vw, 263px\" \/> <img loading=\"lazy\" decoding=\"async\" class=\" wp-image-1609 alignright\" src=\"https:\/\/blogsaverroes.juntadeandalucia.es\/ieslasencinas\/files\/2025\/03\/Imagen-de-WhatsApp-2025-03-12-a-las-12.01.55_b54892b4-225x300.jpg\" alt=\"\" width=\"268\" height=\"357\" srcset=\"https:\/\/blogsaverroes.juntadeandalucia.es\/ieslasencinas\/files\/2025\/03\/Imagen-de-WhatsApp-2025-03-12-a-las-12.01.55_b54892b4-225x300.jpg 225w, https:\/\/blogsaverroes.juntadeandalucia.es\/ieslasencinas\/files\/2025\/03\/Imagen-de-WhatsApp-2025-03-12-a-las-12.01.55_b54892b4-768x1024.jpg 768w, https:\/\/blogsaverroes.juntadeandalucia.es\/ieslasencinas\/files\/2025\/03\/Imagen-de-WhatsApp-2025-03-12-a-las-12.01.55_b54892b4-1152x1536.jpg 1152w, https:\/\/blogsaverroes.juntadeandalucia.es\/ieslasencinas\/files\/2025\/03\/Imagen-de-WhatsApp-2025-03-12-a-las-12.01.55_b54892b4.jpg 1200w\" sizes=\"(max-width: 268px) 100vw, 268px\" \/> <img loading=\"lazy\" decoding=\"async\" class=\"alignnone  wp-image-1610\" src=\"https:\/\/blogsaverroes.juntadeandalucia.es\/ieslasencinas\/files\/2025\/03\/Imagen-de-WhatsApp-2025-03-12-a-las-12.01.55_c067ec54-225x300.jpg\" alt=\"\" width=\"265\" height=\"353\" srcset=\"https:\/\/blogsaverroes.juntadeandalucia.es\/ieslasencinas\/files\/2025\/03\/Imagen-de-WhatsApp-2025-03-12-a-las-12.01.55_c067ec54-225x300.jpg 225w, https:\/\/blogsaverroes.juntadeandalucia.es\/ieslasencinas\/files\/2025\/03\/Imagen-de-WhatsApp-2025-03-12-a-las-12.01.55_c067ec54-768x1024.jpg 768w, https:\/\/blogsaverroes.juntadeandalucia.es\/ieslasencinas\/files\/2025\/03\/Imagen-de-WhatsApp-2025-03-12-a-las-12.01.55_c067ec54-1152x1536.jpg 1152w, https:\/\/blogsaverroes.juntadeandalucia.es\/ieslasencinas\/files\/2025\/03\/Imagen-de-WhatsApp-2025-03-12-a-las-12.01.55_c067ec54.jpg 1200w\" sizes=\"(max-width: 265px) 100vw, 265px\" \/><\/p>\n<p>&nbsp;<\/p>\n","protected":false},"excerpt":{"rendered":"<p>El alumnado de 4 de ESO ha tenido hoy la charla de la Asociaci\u00f3n de Lesionados Medulares por Accidentes de Tr\u00e1fico, AESLEME, dentro de la actividad de Educaci\u00f3n Vial. La charla ha sido online&#46;&#46;&#46;<\/p>\n","protected":false},"author":13627,"featured_media":0,"comment_status":"closed","ping_status":"open","sticky":false,"template":"","format":"standard","meta":{"ngg_post_thumbnail":0,"footnotes":""},"categories":[1],"tags":[20],"aioseo_notices":[],"_links":{"self":[{"href":"https:\/\/blogsaverroes.juntadeandalucia.es\/ieslasencinas\/wp-json\/wp\/v2\/posts\/1606"}],"collection":[{"href":"https:\/\/blogsaverroes.juntadeandalucia.es\/ieslasencinas\/wp-json\/wp\/v2\/posts"}],"about":[{"href":"https:\/\/blogsaverroes.juntadeandalucia.es\/ieslasencinas\/wp-json\/wp\/v2\/types\/post"}],"author":[{"embeddable":true,"href":"https:\/\/blogsaverroes.juntadeandalucia.es\/ieslasencinas\/wp-json\/wp\/v2\/users\/13627"}],"replies":[{"embeddable":true,"href":"https:\/\/blogsaverroes.juntadeandalucia.es\/ieslasencinas\/wp-json\/wp\/v2\/comments?post=1606"}],"version-history":[{"count":1,"href":"https:\/\/blogsaverroes.juntadeandalucia.es\/ieslasencinas\/wp-json\/wp\/v2\/posts\/1606\/revisions"}],"predecessor-version":[{"id":1611,"href":"https:\/\/blogsaverroes.juntadeandalucia.es\/ieslasencinas\/wp-json\/wp\/v2\/posts\/1606\/revisions\/1611"}],"wp:attachment":[{"href":"https:\/\/blogsaverroes.juntadeandalucia.es\/ieslasencinas\/wp-json\/wp\/v2\/media?parent=1606"}],"wp:term":[{"taxonomy":"category","embeddable":true,"href":"https:\/\/blogsaverroes.juntadeandalucia.es\/ieslasencinas\/wp-json\/wp\/v2\/categories?post=1606"},{"taxonomy":"post_tag","embeddable":true,"href":"https:\/\/blogsaverroes.juntadeandalucia.es\/ieslasencinas\/wp-json\/wp\/v2\/tags?post=1606"}],"curies":[{"name":"wp","href":"https:\/\/api.w.org\/{rel}","templated":true}]}}