{"id":1813,"date":"2025-09-09T18:11:11","date_gmt":"2025-09-09T16:11:11","guid":{"rendered":"https:\/\/blogsaverroes.juntadeandalucia.es\/ieslasencinas\/?p=1813"},"modified":"2025-09-09T18:11:11","modified_gmt":"2025-09-09T16:11:11","slug":"carpe-diem","status":"publish","type":"post","link":"https:\/\/blogsaverroes.juntadeandalucia.es\/ieslasencinas\/carpe-diem\/","title":{"rendered":"CARPE DIEM"},"content":{"rendered":"<p style=\"font-weight: 400\"><strong>&nbsp;&nbsp;CRECER CANTANDO, CRECER SO\u00d1ANDO<\/strong> &nbsp;&nbsp;PRESENTA:<\/p>\n<p style=\"font-weight: 400\"><strong>CARPE DIEM<\/strong>, una reflexi\u00f3n sobre el paso del&nbsp;tiempo&nbsp;y la transformaci\u00f3n constante a lo largo de la vida. El programa invita a vivir intensamente, proponiendo una existencia plena, consciente y despierta, abordando la muerte como parte del ciclo necesario para que todo contin\u00fae y entendiendo al ser humano como una creaci\u00f3n en proceso constante de cambio,&nbsp;revisi\u00f3n y crecimiento. \u00bfTe animas?&nbsp;.<\/p>\n<p style=\"font-weight: 400\"><strong>&nbsp;&nbsp;Entradas: 6 euros<\/strong><\/p>\n<p style=\"font-weight: 400\">&nbsp;<strong>ENTRADAS SEVILLA:<\/strong>&nbsp;<strong>21:00 h. <\/strong><strong>Viernes 26\/9:<\/strong>&nbsp;<a href=\"https:\/\/bit.ly\/4m444MR\" data-saferedirecturl=\"https:\/\/www.google.com\/url?q=https:\/\/bit.ly\/4m444MR&amp;source=gmail&amp;ust=1757520240937000&amp;usg=AOvVaw0XUy7cC29o7wXA86QisIpI\">https:\/\/bit.ly\/4m444MR &nbsp; <\/a><strong>S\u00e1bado 27\/9:<\/strong>&nbsp;<a href=\"https:\/\/bit.ly\/41Ji0V6\" data-saferedirecturl=\"https:\/\/www.google.com\/url?q=https:\/\/bit.ly\/41Ji0V6&amp;source=gmail&amp;ust=1757520240937000&amp;usg=AOvVaw1T2jcg2wi1KHgfTXYppUaD\">https:\/\/bit.ly\/41Ji0V6<\/a>.<\/p>\n<p style=\"font-weight: 400\">&nbsp;<strong>ENTRADAS ARACENA:<\/strong>&nbsp;<strong>20:30 h. <\/strong><strong>S\u00e1bado 4\/10:<\/strong>&nbsp;<a href=\"http:\/\/bit.ly\/3VHKQla\" data-saferedirecturl=\"https:\/\/www.google.com\/url?q=http:\/\/bit.ly\/3VHKQla&amp;source=gmail&amp;ust=1757520240937000&amp;usg=AOvVaw3WJbV10-zIAHgntMeDqyS8\">http:\/\/bit.ly\/3VHKQla<\/a><\/p>\n<p style=\"font-weight: 400\">\u00bfNos ayudas a difundir? \u00a1\u00a1Comparte!!&nbsp;<\/p>\n<p>Cartel realizado por M.Jes\u00fas Cuenca<\/p>\n<p><img loading=\"lazy\" decoding=\"async\" class=\" wp-image-1814 aligncenter\" src=\"https:\/\/blogsaverroes.juntadeandalucia.es\/ieslasencinas\/files\/2025\/09\/CARPE-DIEM_difusion-212x300.jpg\" alt=\"\" width=\"239\" height=\"338\" srcset=\"https:\/\/blogsaverroes.juntadeandalucia.es\/ieslasencinas\/files\/2025\/09\/CARPE-DIEM_difusion-212x300.jpg 212w, https:\/\/blogsaverroes.juntadeandalucia.es\/ieslasencinas\/files\/2025\/09\/CARPE-DIEM_difusion-724x1024.jpg 724w, https:\/\/blogsaverroes.juntadeandalucia.es\/ieslasencinas\/files\/2025\/09\/CARPE-DIEM_difusion-768x1086.jpg 768w, https:\/\/blogsaverroes.juntadeandalucia.es\/ieslasencinas\/files\/2025\/09\/CARPE-DIEM_difusion-1086x1536.jpg 1086w, https:\/\/blogsaverroes.juntadeandalucia.es\/ieslasencinas\/files\/2025\/09\/CARPE-DIEM_difusion-1448x2048.jpg 1448w, https:\/\/blogsaverroes.juntadeandalucia.es\/ieslasencinas\/files\/2025\/09\/CARPE-DIEM_difusion-scaled.jpg 1810w\" sizes=\"(max-width: 239px) 100vw, 239px\" \/><\/p>\n","protected":false},"excerpt":{"rendered":"<p>&nbsp;&nbsp;CRECER CANTANDO, CRECER SO\u00d1ANDO &nbsp;&nbsp;PRESENTA: CARPE DIEM, una reflexi\u00f3n sobre el paso del&nbsp;tiempo&nbsp;y la transformaci\u00f3n constante a lo largo de la vida. El programa invita a vivir intensamente, proponiendo una existencia plena, consciente y&#46;&#46;&#46;<\/p>\n","protected":false},"author":13627,"featured_media":0,"comment_status":"closed","ping_status":"open","sticky":false,"template":"","format":"standard","meta":{"ngg_post_thumbnail":0,"footnotes":""},"categories":[4,6],"tags":[26,20],"aioseo_notices":[],"_links":{"self":[{"href":"https:\/\/blogsaverroes.juntadeandalucia.es\/ieslasencinas\/wp-json\/wp\/v2\/posts\/1813"}],"collection":[{"href":"https:\/\/blogsaverroes.juntadeandalucia.es\/ieslasencinas\/wp-json\/wp\/v2\/posts"}],"about":[{"href":"https:\/\/blogsaverroes.juntadeandalucia.es\/ieslasencinas\/wp-json\/wp\/v2\/types\/post"}],"author":[{"embeddable":true,"href":"https:\/\/blogsaverroes.juntadeandalucia.es\/ieslasencinas\/wp-json\/wp\/v2\/users\/13627"}],"replies":[{"embeddable":true,"href":"https:\/\/blogsaverroes.juntadeandalucia.es\/ieslasencinas\/wp-json\/wp\/v2\/comments?post=1813"}],"version-history":[{"count":1,"href":"https:\/\/blogsaverroes.juntadeandalucia.es\/ieslasencinas\/wp-json\/wp\/v2\/posts\/1813\/revisions"}],"predecessor-version":[{"id":1815,"href":"https:\/\/blogsaverroes.juntadeandalucia.es\/ieslasencinas\/wp-json\/wp\/v2\/posts\/1813\/revisions\/1815"}],"wp:attachment":[{"href":"https:\/\/blogsaverroes.juntadeandalucia.es\/ieslasencinas\/wp-json\/wp\/v2\/media?parent=1813"}],"wp:term":[{"taxonomy":"category","embeddable":true,"href":"https:\/\/blogsaverroes.juntadeandalucia.es\/ieslasencinas\/wp-json\/wp\/v2\/categories?post=1813"},{"taxonomy":"post_tag","embeddable":true,"href":"https:\/\/blogsaverroes.juntadeandalucia.es\/ieslasencinas\/wp-json\/wp\/v2\/tags?post=1813"}],"curies":[{"name":"wp","href":"https:\/\/api.w.org\/{rel}","templated":true}]}}