{"id":1957,"date":"2026-02-24T10:41:30","date_gmt":"2026-02-24T08:41:30","guid":{"rendered":"https:\/\/blogsaverroes.juntadeandalucia.es\/ieslasencinas\/?p=1957"},"modified":"2026-02-24T10:41:30","modified_gmt":"2026-02-24T08:41:30","slug":"con-ojos-de-mujer","status":"publish","type":"post","link":"https:\/\/blogsaverroes.juntadeandalucia.es\/ieslasencinas\/con-ojos-de-mujer\/","title":{"rendered":"CON OJOS DE MUJER"},"content":{"rendered":"<p>Durante esta semana se han analizado en las tutor\u00edas las obras de la exposici\u00f3n &#8220;Con ojos de mujer&#8221;. Se ha abierto un debate con los grupos de la ESO sobre las fotograf\u00edas &#8220;Realidad&#8221;, &#8220;Fuente de poder&#8221;, &#8220;Lucha interna&#8221; y &#8220;Visiones diferentes&#8221;.<\/p>\n<p><img loading=\"lazy\" decoding=\"async\" class=\"alignnone size-medium wp-image-1958\" src=\"https:\/\/blogsaverroes.juntadeandalucia.es\/ieslasencinas\/files\/2026\/02\/con-ojos-de-mujer-5-225x300.jpeg\" alt=\"\" width=\"225\" height=\"300\" srcset=\"https:\/\/blogsaverroes.juntadeandalucia.es\/ieslasencinas\/files\/2026\/02\/con-ojos-de-mujer-5-225x300.jpeg 225w, https:\/\/blogsaverroes.juntadeandalucia.es\/ieslasencinas\/files\/2026\/02\/con-ojos-de-mujer-5-768x1024.jpeg 768w, https:\/\/blogsaverroes.juntadeandalucia.es\/ieslasencinas\/files\/2026\/02\/con-ojos-de-mujer-5-1152x1536.jpeg 1152w, https:\/\/blogsaverroes.juntadeandalucia.es\/ieslasencinas\/files\/2026\/02\/con-ojos-de-mujer-5-1536x2048.jpeg 1536w, https:\/\/blogsaverroes.juntadeandalucia.es\/ieslasencinas\/files\/2026\/02\/con-ojos-de-mujer-5-scaled.jpeg 1920w\" sizes=\"(max-width: 225px) 100vw, 225px\" \/> <img loading=\"lazy\" decoding=\"async\" class=\"alignnone size-medium wp-image-1959\" src=\"https:\/\/blogsaverroes.juntadeandalucia.es\/ieslasencinas\/files\/2026\/02\/con-ojos-de-mujer-3-225x300.jpeg\" alt=\"\" width=\"225\" height=\"300\" srcset=\"https:\/\/blogsaverroes.juntadeandalucia.es\/ieslasencinas\/files\/2026\/02\/con-ojos-de-mujer-3-225x300.jpeg 225w, https:\/\/blogsaverroes.juntadeandalucia.es\/ieslasencinas\/files\/2026\/02\/con-ojos-de-mujer-3-768x1024.jpeg 768w, https:\/\/blogsaverroes.juntadeandalucia.es\/ieslasencinas\/files\/2026\/02\/con-ojos-de-mujer-3-1152x1536.jpeg 1152w, https:\/\/blogsaverroes.juntadeandalucia.es\/ieslasencinas\/files\/2026\/02\/con-ojos-de-mujer-3-1536x2048.jpeg 1536w, https:\/\/blogsaverroes.juntadeandalucia.es\/ieslasencinas\/files\/2026\/02\/con-ojos-de-mujer-3-scaled.jpeg 1920w\" sizes=\"(max-width: 225px) 100vw, 225px\" \/> <img loading=\"lazy\" decoding=\"async\" class=\"alignnone size-medium wp-image-1960\" src=\"https:\/\/blogsaverroes.juntadeandalucia.es\/ieslasencinas\/files\/2026\/02\/con-ojos-de-mujer-2-225x300.jpeg\" alt=\"\" width=\"225\" height=\"300\" srcset=\"https:\/\/blogsaverroes.juntadeandalucia.es\/ieslasencinas\/files\/2026\/02\/con-ojos-de-mujer-2-225x300.jpeg 225w, https:\/\/blogsaverroes.juntadeandalucia.es\/ieslasencinas\/files\/2026\/02\/con-ojos-de-mujer-2-768x1024.jpeg 768w, https:\/\/blogsaverroes.juntadeandalucia.es\/ieslasencinas\/files\/2026\/02\/con-ojos-de-mujer-2-1152x1536.jpeg 1152w, https:\/\/blogsaverroes.juntadeandalucia.es\/ieslasencinas\/files\/2026\/02\/con-ojos-de-mujer-2-1536x2048.jpeg 1536w, https:\/\/blogsaverroes.juntadeandalucia.es\/ieslasencinas\/files\/2026\/02\/con-ojos-de-mujer-2-scaled.jpeg 1920w\" sizes=\"(max-width: 225px) 100vw, 225px\" \/> <img loading=\"lazy\" decoding=\"async\" class=\"alignnone size-medium wp-image-1961\" src=\"https:\/\/blogsaverroes.juntadeandalucia.es\/ieslasencinas\/files\/2026\/02\/con-ojos-de-mujer-4-225x300.jpeg\" alt=\"\" width=\"225\" height=\"300\" srcset=\"https:\/\/blogsaverroes.juntadeandalucia.es\/ieslasencinas\/files\/2026\/02\/con-ojos-de-mujer-4-225x300.jpeg 225w, https:\/\/blogsaverroes.juntadeandalucia.es\/ieslasencinas\/files\/2026\/02\/con-ojos-de-mujer-4-768x1024.jpeg 768w, https:\/\/blogsaverroes.juntadeandalucia.es\/ieslasencinas\/files\/2026\/02\/con-ojos-de-mujer-4-1152x1536.jpeg 1152w, https:\/\/blogsaverroes.juntadeandalucia.es\/ieslasencinas\/files\/2026\/02\/con-ojos-de-mujer-4-1536x2048.jpeg 1536w, https:\/\/blogsaverroes.juntadeandalucia.es\/ieslasencinas\/files\/2026\/02\/con-ojos-de-mujer-4-scaled.jpeg 1920w\" sizes=\"(max-width: 225px) 100vw, 225px\" \/> <img loading=\"lazy\" decoding=\"async\" class=\"size-medium wp-image-1962 aligncenter\" src=\"https:\/\/blogsaverroes.juntadeandalucia.es\/ieslasencinas\/files\/2026\/02\/con-ojos-de-mujer-1-225x300.jpeg\" alt=\"\" width=\"225\" height=\"300\" srcset=\"https:\/\/blogsaverroes.juntadeandalucia.es\/ieslasencinas\/files\/2026\/02\/con-ojos-de-mujer-1-225x300.jpeg 225w, https:\/\/blogsaverroes.juntadeandalucia.es\/ieslasencinas\/files\/2026\/02\/con-ojos-de-mujer-1-768x1024.jpeg 768w, https:\/\/blogsaverroes.juntadeandalucia.es\/ieslasencinas\/files\/2026\/02\/con-ojos-de-mujer-1-1152x1536.jpeg 1152w, https:\/\/blogsaverroes.juntadeandalucia.es\/ieslasencinas\/files\/2026\/02\/con-ojos-de-mujer-1-1536x2048.jpeg 1536w, https:\/\/blogsaverroes.juntadeandalucia.es\/ieslasencinas\/files\/2026\/02\/con-ojos-de-mujer-1-scaled.jpeg 1920w\" sizes=\"(max-width: 225px) 100vw, 225px\" \/><\/p>\n","protected":false},"excerpt":{"rendered":"<p>Durante esta semana se han analizado en las tutor\u00edas las obras de la exposici\u00f3n &#8220;Con ojos de mujer&#8221;. Se ha abierto un debate con los grupos de la ESO sobre las fotograf\u00edas &#8220;Realidad&#8221;, &#8220;Fuente&#46;&#46;&#46;<\/p>\n","protected":false},"author":13627,"featured_media":0,"comment_status":"closed","ping_status":"open","sticky":false,"template":"","format":"standard","meta":{"ngg_post_thumbnail":0,"footnotes":""},"categories":[12,4],"tags":[19,20],"aioseo_notices":[],"_links":{"self":[{"href":"https:\/\/blogsaverroes.juntadeandalucia.es\/ieslasencinas\/wp-json\/wp\/v2\/posts\/1957"}],"collection":[{"href":"https:\/\/blogsaverroes.juntadeandalucia.es\/ieslasencinas\/wp-json\/wp\/v2\/posts"}],"about":[{"href":"https:\/\/blogsaverroes.juntadeandalucia.es\/ieslasencinas\/wp-json\/wp\/v2\/types\/post"}],"author":[{"embeddable":true,"href":"https:\/\/blogsaverroes.juntadeandalucia.es\/ieslasencinas\/wp-json\/wp\/v2\/users\/13627"}],"replies":[{"embeddable":true,"href":"https:\/\/blogsaverroes.juntadeandalucia.es\/ieslasencinas\/wp-json\/wp\/v2\/comments?post=1957"}],"version-history":[{"count":1,"href":"https:\/\/blogsaverroes.juntadeandalucia.es\/ieslasencinas\/wp-json\/wp\/v2\/posts\/1957\/revisions"}],"predecessor-version":[{"id":1963,"href":"https:\/\/blogsaverroes.juntadeandalucia.es\/ieslasencinas\/wp-json\/wp\/v2\/posts\/1957\/revisions\/1963"}],"wp:attachment":[{"href":"https:\/\/blogsaverroes.juntadeandalucia.es\/ieslasencinas\/wp-json\/wp\/v2\/media?parent=1957"}],"wp:term":[{"taxonomy":"category","embeddable":true,"href":"https:\/\/blogsaverroes.juntadeandalucia.es\/ieslasencinas\/wp-json\/wp\/v2\/categories?post=1957"},{"taxonomy":"post_tag","embeddable":true,"href":"https:\/\/blogsaverroes.juntadeandalucia.es\/ieslasencinas\/wp-json\/wp\/v2\/tags?post=1957"}],"curies":[{"name":"wp","href":"https:\/\/api.w.org\/{rel}","templated":true}]}}