{"id":7152,"date":"2023-05-29T19:29:41","date_gmt":"2023-05-29T18:29:41","guid":{"rendered":"https:\/\/blogsaverroes.juntadeandalucia.es\/ieslasflores\/?p=7152"},"modified":"2023-05-29T19:29:41","modified_gmt":"2023-05-29T18:29:41","slug":"programa-de-educacion-proactiva","status":"publish","type":"post","link":"https:\/\/blogsaverroes.juntadeandalucia.es\/ieslasflores\/2023\/05\/29\/programa-de-educacion-proactiva\/","title":{"rendered":"Programa de Educaci\u00f3n ProActiva"},"content":{"rendered":"<!--themify_builder_content-->\n<div id=\"themify_builder_content-7152\" data-postid=\"7152\" class=\"themify_builder_content themify_builder_content-7152 themify_builder tf_clear\">\n                    <div  data-lazy=\"1\" class=\"module_row themify_builder_row tb_wtcu235 tb_first tf_w\">\n                        <div class=\"row_inner col_align_top tb_col_count_1 tf_box tf_rel\">\n                        <div  data-lazy=\"1\" class=\"module_column tb-column col-full tb_8rxb237 first\">\n                    <!-- module text -->\n<div  class=\"module module-text tb_yhxr877   \" data-lazy=\"1\">\n        <div  class=\"tb_text_wrap\">\n        <p>Despu\u00e9s de todo el curso trabajando el Programa de Educaci\u00f3n ProActiva para la mejora de la convivencia y la prevenci\u00f3n del acoso escolar, os mostramos los resultados finales.<\/p>    <\/div>\n<\/div>\n<!-- \/module text -->        <\/div>\n                        <\/div>\n        <\/div>\n                        <div  data-lazy=\"1\" class=\"module_row themify_builder_row tb_hnct177 tf_w\">\n                        <div class=\"row_inner col_align_top tb_col_count_1 tf_box tf_rel\">\n                        <div  data-lazy=\"1\" class=\"module_column tb-column col-full tb_kcjh178 first\">\n                    <!-- module video -->\n<div  class=\"module module-video tb_llbr145 video-top  \" data-lazy=\"1\">\n                    <div class=\"video-wrap-outer\">\n            <div class=\"video-wrap tf_rel tf_overflow tf_local_video\">\n                \n                    \n                    <div style=\"width: 640px;\" class=\"wp-video\"><!--[if lt IE 9]><script>document.createElement('video');<\/script><![endif]-->\n<video class=\"wp-video-shortcode\" id=\"video-7152-1\" width=\"640\" height=\"360\" preload=\"metadata\" controls=\"controls\"><source type=\"video\/mp4\" src=\"https:\/\/blogsaverroes.juntadeandalucia.es\/ieslasflores\/files\/2023\/05\/output_SRpIo2Do.mp4?_=1\" \/><a href=\"https:\/\/blogsaverroes.juntadeandalucia.es\/ieslasflores\/files\/2023\/05\/output_SRpIo2Do.mp4\">https:\/\/blogsaverroes.juntadeandalucia.es\/ieslasflores\/files\/2023\/05\/output_SRpIo2Do.mp4<\/a><\/video><\/div>\n                    \n                                <\/div>\n            <!-- \/video-wrap -->\n        <\/div>\n        <!-- \/video-wrap-outer -->\n            <\/div>\n        <\/div>\n                        <\/div>\n        <\/div>\n                        <div  data-lazy=\"1\" class=\"module_row themify_builder_row tb_d4wv809 tf_w\">\n                        <div class=\"row_inner col_align_top tb_col_count_1 tf_box tf_rel\">\n                        <div  data-lazy=\"1\" class=\"module_column tb-column col-full tb_r7s2810 first\">\n                    <!-- module image -->\n<div  class=\"module module-image tb_row544 image-top   tf_mw\" data-lazy=\"1\">\n        <div class=\"image-wrap tf_rel tf_mw\">\n            <img loading=\"lazy\" decoding=\"async\" width=\"439\" height=\"199\" src=\"https:\/\/blogsaverroes.juntadeandalucia.es\/ieslasflores\/files\/2023\/05\/Claudio.jpg\" class=\"wp-post-image wp-image-7125\" title=\"Claudio\" alt=\"Claudio\">    \n        <\/div>\n    <!-- \/image-wrap -->\n    \n        <\/div>\n<!-- \/module image -->        <\/div>\n                        <\/div>\n        <\/div>\n        <\/div>\n<!--\/themify_builder_content-->","protected":false},"excerpt":{"rendered":"<p>Despu\u00e9s de todo el curso trabajando el Programa de Educaci\u00f3n ProActiva para la mejora de la convivencia y la prevenci\u00f3n del acoso escolar, os mostramos los resultados finales. https:\/\/blogsaverroes.juntadeandalucia.es\/ieslasflores\/files\/2023\/05\/output_SRpIo2Do.mp4<\/p>\n","protected":false},"author":11133,"featured_media":7153,"comment_status":"open","ping_status":"open","sticky":false,"template":"","format":"standard","meta":{"ngg_post_thumbnail":0,"footnotes":""},"categories":[11909],"tags":[],"aioseo_notices":[],"_links":{"self":[{"href":"https:\/\/blogsaverroes.juntadeandalucia.es\/ieslasflores\/wp-json\/wp\/v2\/posts\/7152"}],"collection":[{"href":"https:\/\/blogsaverroes.juntadeandalucia.es\/ieslasflores\/wp-json\/wp\/v2\/posts"}],"about":[{"href":"https:\/\/blogsaverroes.juntadeandalucia.es\/ieslasflores\/wp-json\/wp\/v2\/types\/post"}],"author":[{"embeddable":true,"href":"https:\/\/blogsaverroes.juntadeandalucia.es\/ieslasflores\/wp-json\/wp\/v2\/users\/11133"}],"replies":[{"embeddable":true,"href":"https:\/\/blogsaverroes.juntadeandalucia.es\/ieslasflores\/wp-json\/wp\/v2\/comments?post=7152"}],"version-history":[{"count":6,"href":"https:\/\/blogsaverroes.juntadeandalucia.es\/ieslasflores\/wp-json\/wp\/v2\/posts\/7152\/revisions"}],"predecessor-version":[{"id":7160,"href":"https:\/\/blogsaverroes.juntadeandalucia.es\/ieslasflores\/wp-json\/wp\/v2\/posts\/7152\/revisions\/7160"}],"wp:featuredmedia":[{"embeddable":true,"href":"https:\/\/blogsaverroes.juntadeandalucia.es\/ieslasflores\/wp-json\/wp\/v2\/media\/7153"}],"wp:attachment":[{"href":"https:\/\/blogsaverroes.juntadeandalucia.es\/ieslasflores\/wp-json\/wp\/v2\/media?parent=7152"}],"wp:term":[{"taxonomy":"category","embeddable":true,"href":"https:\/\/blogsaverroes.juntadeandalucia.es\/ieslasflores\/wp-json\/wp\/v2\/categories?post=7152"},{"taxonomy":"post_tag","embeddable":true,"href":"https:\/\/blogsaverroes.juntadeandalucia.es\/ieslasflores\/wp-json\/wp\/v2\/tags?post=7152"}],"curies":[{"name":"wp","href":"https:\/\/api.w.org\/{rel}","templated":true}]}}