{"id":2524,"date":"2020-11-21T12:50:40","date_gmt":"2020-11-21T12:50:40","guid":{"rendered":"https:\/\/blogsaverroes.juntadeandalucia.es\/ieslasfuentezuelas\/?p=2524"},"modified":"2020-11-26T07:50:13","modified_gmt":"2020-11-26T07:50:13","slug":"feria-del-libro","status":"publish","type":"post","link":"https:\/\/blogsaverroes.juntadeandalucia.es\/ieslasfuentezuelas\/feria-del-libro\/","title":{"rendered":"Feria del libro"},"content":{"rendered":"<p><a href=\"https:\/\/blogsaverroes.juntadeandalucia.es\/ieslasfuentezuelas\/files\/2020\/11\/feria-libro.jpg\"><img loading=\"lazy\" decoding=\"async\" class=\"wp-image-2558 alignleft\" src=\"https:\/\/blogsaverroes.juntadeandalucia.es\/ieslasfuentezuelas\/files\/2020\/11\/feria-libro.jpg\" alt=\"\" width=\"288\" height=\"288\" srcset=\"https:\/\/blogsaverroes.juntadeandalucia.es\/ieslasfuentezuelas\/files\/2020\/11\/feria-libro.jpg 626w, https:\/\/blogsaverroes.juntadeandalucia.es\/ieslasfuentezuelas\/files\/2020\/11\/feria-libro-300x300.jpg 300w, https:\/\/blogsaverroes.juntadeandalucia.es\/ieslasfuentezuelas\/files\/2020\/11\/feria-libro-150x150.jpg 150w, https:\/\/blogsaverroes.juntadeandalucia.es\/ieslasfuentezuelas\/files\/2020\/11\/feria-libro-100x100.jpg 100w, https:\/\/blogsaverroes.juntadeandalucia.es\/ieslasfuentezuelas\/files\/2020\/11\/feria-libro-24x24.jpg 24w, https:\/\/blogsaverroes.juntadeandalucia.es\/ieslasfuentezuelas\/files\/2020\/11\/feria-libro-36x36.jpg 36w, https:\/\/blogsaverroes.juntadeandalucia.es\/ieslasfuentezuelas\/files\/2020\/11\/feria-libro-48x48.jpg 48w\" sizes=\"(max-width: 288px) 100vw, 288px\" \/><\/a>Este curso y debido a la pandemia de covid 19 se ofrecer\u00e1 una versi\u00f3n telem\u00e1tica de la feria del libro, cada miembro de la comunidad educativa podr\u00e1 solicitar aquellos libros que le interesen mediante email y deber\u00e1 recogerlos en la librer\u00eda en la fecha acordada.<\/p>\n<p>ENLACE PARA FORMULARIO DE PETICI\u00d3N DE LIBROS:<\/p>\n<p><a href=\"https:\/\/docs.google.com\/forms\/d\/e\/1FAIpQLSeT8keYak3KPUwT9n8TKYJtuCxRb7Jy3ZNlN_hBDYW_-SihLw\/viewform?usp=sf_link\">https:\/\/docs.google.com\/forms\/d\/e\/1FAIpQLSeT8keYak3KPUwT9n8TKYJtuCxRb7Jy3ZNlN_hBDYW_-SihLw\/viewform?usp=sf_link<\/a><\/p>\n<p>&nbsp;<\/p>\n<h6>imagen tomada de educacion.fespugtclm.es<\/h6>\n","protected":false},"excerpt":{"rendered":"<p>Este curso y debido a la pandemia de covid 19 se ofrecer\u00e1 una versi\u00f3n telem\u00e1tica de la feria del libro, cada miembro de la comunidad educativa podr\u00e1 solicitar aquellos libros que le interesen mediante email y deber\u00e1 recogerlos en la librer\u00eda en la fecha acordada. ENLACE PARA FORMULARIO DE PETICI\u00d3N DE LIBROS: https:\/\/docs.google.com\/forms\/d\/e\/1FAIpQLSeT8keYak3KPUwT9n8TKYJtuCxRb7Jy3ZNlN_hBDYW_-SihLw\/viewform?usp=sf_link &nbsp; imagen [&hellip;]<\/p>\n","protected":false},"author":11479,"featured_media":0,"comment_status":"closed","ping_status":"open","sticky":false,"template":"","format":"standard","meta":{"ngg_post_thumbnail":0,"footnotes":""},"categories":[2351650],"tags":[],"aioseo_notices":[],"_links":{"self":[{"href":"https:\/\/blogsaverroes.juntadeandalucia.es\/ieslasfuentezuelas\/wp-json\/wp\/v2\/posts\/2524"}],"collection":[{"href":"https:\/\/blogsaverroes.juntadeandalucia.es\/ieslasfuentezuelas\/wp-json\/wp\/v2\/posts"}],"about":[{"href":"https:\/\/blogsaverroes.juntadeandalucia.es\/ieslasfuentezuelas\/wp-json\/wp\/v2\/types\/post"}],"author":[{"embeddable":true,"href":"https:\/\/blogsaverroes.juntadeandalucia.es\/ieslasfuentezuelas\/wp-json\/wp\/v2\/users\/11479"}],"replies":[{"embeddable":true,"href":"https:\/\/blogsaverroes.juntadeandalucia.es\/ieslasfuentezuelas\/wp-json\/wp\/v2\/comments?post=2524"}],"version-history":[{"count":5,"href":"https:\/\/blogsaverroes.juntadeandalucia.es\/ieslasfuentezuelas\/wp-json\/wp\/v2\/posts\/2524\/revisions"}],"predecessor-version":[{"id":2824,"href":"https:\/\/blogsaverroes.juntadeandalucia.es\/ieslasfuentezuelas\/wp-json\/wp\/v2\/posts\/2524\/revisions\/2824"}],"wp:attachment":[{"href":"https:\/\/blogsaverroes.juntadeandalucia.es\/ieslasfuentezuelas\/wp-json\/wp\/v2\/media?parent=2524"}],"wp:term":[{"taxonomy":"category","embeddable":true,"href":"https:\/\/blogsaverroes.juntadeandalucia.es\/ieslasfuentezuelas\/wp-json\/wp\/v2\/categories?post=2524"},{"taxonomy":"post_tag","embeddable":true,"href":"https:\/\/blogsaverroes.juntadeandalucia.es\/ieslasfuentezuelas\/wp-json\/wp\/v2\/tags?post=2524"}],"curies":[{"name":"wp","href":"https:\/\/api.w.org\/{rel}","templated":true}]}}