{"id":1302,"date":"2023-05-16T11:02:59","date_gmt":"2023-05-16T10:02:59","guid":{"rendered":"https:\/\/blogsaverroes.juntadeandalucia.es\/ieslassalinas\/?p=1302"},"modified":"2023-05-16T11:03:06","modified_gmt":"2023-05-16T10:03:06","slug":"visita-a-mijas","status":"publish","type":"post","link":"https:\/\/blogsaverroes.juntadeandalucia.es\/ieslassalinas\/visita-a-mijas\/","title":{"rendered":"Visita a Mijas"},"content":{"rendered":"<p>[et_pb_section fb_built=&#8221;1&#8243; _builder_version=&#8221;3.22&#8243; global_colors_info=&#8221;{}&#8221;][et_pb_row _builder_version=&#8221;3.25&#8243; background_size=&#8221;initial&#8221; background_position=&#8221;top_left&#8221; background_repeat=&#8221;repeat&#8221; global_colors_info=&#8221;{}&#8221;][et_pb_column type=&#8221;4_4&#8243; _builder_version=&#8221;3.25&#8243; custom_padding=&#8221;|||&#8221; global_colors_info=&#8221;{}&#8221; custom_padding__hover=&#8221;|||&#8221;][et_pb_text _builder_version=&#8221;3.27.4&#8243; background_size=&#8221;initial&#8221; background_position=&#8221;top_left&#8221; background_repeat=&#8221;repeat&#8221; hover_enabled=&#8221;0&#8243; global_colors_info=&#8221;{}&#8221; sticky_enabled=&#8221;0&#8243;]Los alumnos y las alumnas de 4\u00ba ESO han visitado Mijas acompa\u00f1ados\/ as de sus profesoras de Geograf\u00eda e Histor\u00eda y de Lengua castellana y literatura para realizar una ruta hist\u00f3rico- literaria en tan emblem\u00e1tico pueblo de nuestra provincia.<br \/>\nPrimero acudieron al taller de artesan\u00eda. All\u00ed les hablaron del esparto. Tras la explicaci\u00f3n, ellos\/as mismos\/ as pudieron fabricar una cuchara utilizando este material, algunos\/ as con muy buena ma\u00f1a. \u00a1A seguir practicando! Despu\u00e9s, visitaron el Museo Hist\u00f3rico Etnol\u00f3gico, ubicado en el casco antiguo. Este museo expone objetos locales de inter\u00e9s, adem\u00e1s de una recreaci\u00f3n de la casa y de la habitaci\u00f3n en la que estuvo escondido Manuel Cort\u00e9s, apodado \u201cEl topo de Mijas\u201d, por haber permanecido all\u00ed durante tres d\u00e9cadas para evitar su detenci\u00f3n por el r\u00e9gimen de Franco.<br \/>\nPara finalizar nuestro periplo, los alumnos\/ as participaron en una gymkana literaria cuyo objetivo era descubrir los versos que \u201calberga\u201d el pueblo.&nbsp;<br \/>\n\u2026Una ma\u00f1ana llena de cultura y de tradiciones en un precioso y acogedor pueblo malague\u00f1o.<\/p>\n<p>&nbsp;<br \/>\n[\/et_pb_text][et_pb_gallery _builder_version=&#8221;4.14.5&#8243; _module_preset=&#8221;default&#8221; gallery_ids=&#8221;1313,1312,1311,1310,1309,1308,1307,1306,1305,1304,1303&#8243; hover_enabled=&#8221;0&#8243; sticky_enabled=&#8221;0&#8243;][\/et_pb_gallery][\/et_pb_column][\/et_pb_row][\/et_pb_section]<\/p>\n","protected":false},"excerpt":{"rendered":"<p>Los alumnos y las alumnas de 4\u00ba ESO han visitado Mijas acompa\u00f1ados\/ as de sus profesoras de Geograf\u00eda e Histor\u00eda y de Lengua castellana y literatura para realizar una ruta hist\u00f3rico- literaria en tan emblem\u00e1tico pueblo de nuestra provincia. Primero acudieron al taller de artesan\u00eda. All\u00ed les hablaron del esparto. Tras la explicaci\u00f3n, ellos\/as mismos\/ [&hellip;]<\/p>\n","protected":false},"author":5302,"featured_media":1304,"comment_status":"closed","ping_status":"open","sticky":false,"template":"","format":"standard","meta":{"_et_pb_use_builder":"on","_et_pb_old_content":"<p>Los alumnos y las alumnas de 4\u00ba ESO han visitado Mijas acompa\u00f1ados\/ as de sus profesoras de Geograf\u00eda e Histor\u00eda y de Lengua castellana y literatura para realizar una ruta hist\u00f3rico- literaria en tan emblem\u00e1tico pueblo de nuestra provincia.<br>Primero acudieron al taller de artesan\u00eda. All\u00ed les hablaron del esparto. Tras la explicaci\u00f3n, ellos\/as mismos\/ as pudieron fabricar una cuchara utilizando este material, algunos\/ as con muy buena ma\u00f1a. \u00a1A seguir practicando! Despu\u00e9s, visitaron el Museo Hist\u00f3rico Etnol\u00f3gico, ubicado en el casco antiguo. Este museo expone objetos locales de inter\u00e9s, adem\u00e1s de una recreaci\u00f3n de la casa y de la habitaci\u00f3n en la que estuvo escondido Manuel Cort\u00e9s, apodado \u201cEl topo de Mijas\u201d, por haber permanecido all\u00ed durante tres d\u00e9cadas para evitar su detenci\u00f3n por el r\u00e9gimen de Franco.<br>Para finalizar nuestro periplo, los alumnos\/ as participaron en una gymkana literaria cuyo objetivo era descubrir los versos que \u201calberga\u201d el pueblo.\u00a0<br>\u2026Una ma\u00f1ana llena de cultura y de tradiciones en un precioso y acogedor pueblo malague\u00f1o.<\/p><p>\u00a0<\/p>","_et_gb_content_width":"","ngg_post_thumbnail":0,"footnotes":""},"categories":[7,4],"tags":[],"aioseo_notices":[],"_links":{"self":[{"href":"https:\/\/blogsaverroes.juntadeandalucia.es\/ieslassalinas\/wp-json\/wp\/v2\/posts\/1302"}],"collection":[{"href":"https:\/\/blogsaverroes.juntadeandalucia.es\/ieslassalinas\/wp-json\/wp\/v2\/posts"}],"about":[{"href":"https:\/\/blogsaverroes.juntadeandalucia.es\/ieslassalinas\/wp-json\/wp\/v2\/types\/post"}],"author":[{"embeddable":true,"href":"https:\/\/blogsaverroes.juntadeandalucia.es\/ieslassalinas\/wp-json\/wp\/v2\/users\/5302"}],"replies":[{"embeddable":true,"href":"https:\/\/blogsaverroes.juntadeandalucia.es\/ieslassalinas\/wp-json\/wp\/v2\/comments?post=1302"}],"version-history":[{"count":2,"href":"https:\/\/blogsaverroes.juntadeandalucia.es\/ieslassalinas\/wp-json\/wp\/v2\/posts\/1302\/revisions"}],"predecessor-version":[{"id":1315,"href":"https:\/\/blogsaverroes.juntadeandalucia.es\/ieslassalinas\/wp-json\/wp\/v2\/posts\/1302\/revisions\/1315"}],"wp:featuredmedia":[{"embeddable":true,"href":"https:\/\/blogsaverroes.juntadeandalucia.es\/ieslassalinas\/wp-json\/wp\/v2\/media\/1304"}],"wp:attachment":[{"href":"https:\/\/blogsaverroes.juntadeandalucia.es\/ieslassalinas\/wp-json\/wp\/v2\/media?parent=1302"}],"wp:term":[{"taxonomy":"category","embeddable":true,"href":"https:\/\/blogsaverroes.juntadeandalucia.es\/ieslassalinas\/wp-json\/wp\/v2\/categories?post=1302"},{"taxonomy":"post_tag","embeddable":true,"href":"https:\/\/blogsaverroes.juntadeandalucia.es\/ieslassalinas\/wp-json\/wp\/v2\/tags?post=1302"}],"curies":[{"name":"wp","href":"https:\/\/api.w.org\/{rel}","templated":true}]}}