{"id":1670,"date":"2023-11-22T14:27:29","date_gmt":"2023-11-22T13:27:29","guid":{"rendered":"https:\/\/blogsaverroes.juntadeandalucia.es\/ieslassalinas\/?p=1670"},"modified":"2023-11-22T14:27:35","modified_gmt":"2023-11-22T13:27:35","slug":"consejo-local-de-infancia-y-adolescencia","status":"publish","type":"post","link":"https:\/\/blogsaverroes.juntadeandalucia.es\/ieslassalinas\/consejo-local-de-infancia-y-adolescencia\/","title":{"rendered":"Consejo Local de Infancia y Adolescencia"},"content":{"rendered":"<p>[et_pb_section fb_built=&#8221;1&#8243; theme_builder_area=&#8221;post_content&#8221; _builder_version=&#8221;4.14.5&#8243; _module_preset=&#8221;default&#8221;][et_pb_row _builder_version=&#8221;4.14.5&#8243; _module_preset=&#8221;default&#8221; theme_builder_area=&#8221;post_content&#8221;][et_pb_column _builder_version=&#8221;4.14.5&#8243; _module_preset=&#8221;default&#8221; type=&#8221;4_4&#8243; theme_builder_area=&#8221;post_content&#8221;][et_pb_text _builder_version=&#8221;4.14.5&#8243; _module_preset=&#8221;default&#8221; theme_builder_area=&#8221;post_content&#8221; hover_enabled=&#8221;0&#8243; sticky_enabled=&#8221;0&#8243;]<\/p>\n<p>El pasado lunes 20 de Noviembre, tuvo lugar un nuevo pleno en el Ayuntamiento de Fuengirola coincidiendo con el D\u00eda Mundial de la Infancia y Adolescencia. En este pleno participaron dos de nuestros alumnos, \u00c1ngela Alicia y Mat\u00edas Thomas, los cuales forman parte del Consejo local de infancia y adolescencia (CLIA).<br \/>Durante el acto, alumnos y alumnas de diferentes colegios e institutos expusieron algunas mejoras para hacer de Fuengirola una ciudad m\u00e1s c\u00f3moda y adaptada a los j\u00f3venes, ya que, como expres\u00f3 la regidora, \u201clos ni\u00f1os y j\u00f3venes de nuestra ciudad tienen mucho que decir y aportar para seguir aumentado la calidad de vida y el bienestar del que disfrutamos ya en el municipio\u201d.<\/p>\n<p>[\/et_pb_text][et_pb_gallery _builder_version=&#8221;4.14.5&#8243; _module_preset=&#8221;default&#8221; theme_builder_area=&#8221;post_content&#8221; gallery_ids=&#8221;1673,1674&#8243; show_title_and_caption=&#8221;off&#8221; hover_enabled=&#8221;0&#8243; sticky_enabled=&#8221;0&#8243;][\/et_pb_gallery][\/et_pb_column][\/et_pb_row][\/et_pb_section]<\/p>\n","protected":false},"excerpt":{"rendered":"<p>El pasado lunes 20 de Noviembre, tuvo lugar un nuevo pleno en el Ayuntamiento de Fuengirola coincidiendo con el D\u00eda Mundial de la Infancia y Adolescencia. En este pleno participaron dos de nuestros alumnos, \u00c1ngela Alicia y Mat\u00edas Thomas, los cuales forman parte del Consejo local de infancia y adolescencia (CLIA).Durante el acto, alumnos y [&hellip;]<\/p>\n","protected":false},"author":14321,"featured_media":0,"comment_status":"closed","ping_status":"open","sticky":false,"template":"","format":"standard","meta":{"_et_pb_use_builder":"on","_et_pb_old_content":"","_et_gb_content_width":"","ngg_post_thumbnail":0,"footnotes":""},"categories":[7,4],"tags":[],"aioseo_notices":[],"_links":{"self":[{"href":"https:\/\/blogsaverroes.juntadeandalucia.es\/ieslassalinas\/wp-json\/wp\/v2\/posts\/1670"}],"collection":[{"href":"https:\/\/blogsaverroes.juntadeandalucia.es\/ieslassalinas\/wp-json\/wp\/v2\/posts"}],"about":[{"href":"https:\/\/blogsaverroes.juntadeandalucia.es\/ieslassalinas\/wp-json\/wp\/v2\/types\/post"}],"author":[{"embeddable":true,"href":"https:\/\/blogsaverroes.juntadeandalucia.es\/ieslassalinas\/wp-json\/wp\/v2\/users\/14321"}],"replies":[{"embeddable":true,"href":"https:\/\/blogsaverroes.juntadeandalucia.es\/ieslassalinas\/wp-json\/wp\/v2\/comments?post=1670"}],"version-history":[{"count":2,"href":"https:\/\/blogsaverroes.juntadeandalucia.es\/ieslassalinas\/wp-json\/wp\/v2\/posts\/1670\/revisions"}],"predecessor-version":[{"id":1675,"href":"https:\/\/blogsaverroes.juntadeandalucia.es\/ieslassalinas\/wp-json\/wp\/v2\/posts\/1670\/revisions\/1675"}],"wp:attachment":[{"href":"https:\/\/blogsaverroes.juntadeandalucia.es\/ieslassalinas\/wp-json\/wp\/v2\/media?parent=1670"}],"wp:term":[{"taxonomy":"category","embeddable":true,"href":"https:\/\/blogsaverroes.juntadeandalucia.es\/ieslassalinas\/wp-json\/wp\/v2\/categories?post=1670"},{"taxonomy":"post_tag","embeddable":true,"href":"https:\/\/blogsaverroes.juntadeandalucia.es\/ieslassalinas\/wp-json\/wp\/v2\/tags?post=1670"}],"curies":[{"name":"wp","href":"https:\/\/api.w.org\/{rel}","templated":true}]}}