{"id":778,"date":"2023-04-29T10:32:49","date_gmt":"2023-04-29T09:32:49","guid":{"rendered":"https:\/\/blogsaverroes.juntadeandalucia.es\/ieslassalinasfg\/?p=778"},"modified":"2023-05-02T11:34:17","modified_gmt":"2023-05-02T10:34:17","slug":"viaje-a-york","status":"publish","type":"post","link":"https:\/\/blogsaverroes.juntadeandalucia.es\/ieslassalinas\/viaje-a-york\/","title":{"rendered":"Viaje a York"},"content":{"rendered":"<p>[et_pb_section fb_built=&#8221;1&#8243; _builder_version=&#8221;4.14.5&#8243; _module_preset=&#8221;default&#8221; global_colors_info=&#8221;{}&#8221;][et_pb_row _builder_version=&#8221;4.14.5&#8243; _module_preset=&#8221;default&#8221; background_enable_image=&#8221;off&#8221; global_colors_info=&#8221;{}&#8221;][et_pb_column type=&#8221;4_4&#8243; _builder_version=&#8221;4.14.5&#8243; _module_preset=&#8221;default&#8221; global_colors_info=&#8221;{}&#8221;][et_pb_text _builder_version=&#8221;4.14.5&#8243; _module_preset=&#8221;default&#8221; global_colors_info=&#8221;{}&#8221;]<\/p>\n<p>Nuestro alumnado de 3\u00ba ESO se encuentra en York (Inglaterra) realizando una estancia cultural de una semana, junto a sus profesores, Jos\u00e9 Francisco S\u00e1nchez y Ana Bel\u00e9n Serrano, como parte del programa de Inmersi\u00f3n Ling\u00fc\u00edstica. Esperamos que lo disfrut\u00e9is y que sea una experiencia cultural enriquecedora.<\/p>\n<p>HOUSE 1: O\u2019leary<br \/>NAMES: Yasmin Waslander and Daniela Villagran. 3 \u00b0 ESO B.<\/p>\n<p>Today we went to school at 9AM, we took a little test to divide our classes based on our levels of proficiency and we ate our packed lunches at the canteen. Once the classes were divided we played some games and talked about ourselves in class with our classmates. Then we visited the York\u2019s Minister and we did a little tour around the city. It was really interesting and we had much fun. Around 5 PM our dad picked us up and left us home, we had dinner and we talked for a really long time. They are honestly amazing. We had some friends at home around 7PM and we spent some time with them. They went back to their houses around 9PM and we took a shower and now are going to sleep. Bye!\u263a\ufe0f<\/p>\n<p>[\/et_pb_text][\/et_pb_column][\/et_pb_row][\/et_pb_section]<\/p>\n","protected":false},"excerpt":{"rendered":"<p>Nuestro alumnado de 3\u00ba ESO se encuentra en York (Inglaterra) realizando una estancia cultural de una semana, junto a sus profesores, Jos\u00e9 Francisco S\u00e1nchez y Ana Bel\u00e9n Serrano, como parte del programa de Inmersi\u00f3n Ling\u00fc\u00edstica. Esperamos que lo disfrut\u00e9is y que sea una experiencia cultural enriquecedora. HOUSE 1: O\u2019learyNAMES: Yasmin Waslander and Daniela Villagran. 3 [&hellip;]<\/p>\n","protected":false},"author":14321,"featured_media":801,"comment_status":"closed","ping_status":"open","sticky":false,"template":"","format":"standard","meta":{"_et_pb_use_builder":"on","_et_pb_old_content":"","_et_gb_content_width":"","ngg_post_thumbnail":0,"footnotes":""},"categories":[7,4],"tags":[],"aioseo_notices":[],"_links":{"self":[{"href":"https:\/\/blogsaverroes.juntadeandalucia.es\/ieslassalinas\/wp-json\/wp\/v2\/posts\/778"}],"collection":[{"href":"https:\/\/blogsaverroes.juntadeandalucia.es\/ieslassalinas\/wp-json\/wp\/v2\/posts"}],"about":[{"href":"https:\/\/blogsaverroes.juntadeandalucia.es\/ieslassalinas\/wp-json\/wp\/v2\/types\/post"}],"author":[{"embeddable":true,"href":"https:\/\/blogsaverroes.juntadeandalucia.es\/ieslassalinas\/wp-json\/wp\/v2\/users\/14321"}],"replies":[{"embeddable":true,"href":"https:\/\/blogsaverroes.juntadeandalucia.es\/ieslassalinas\/wp-json\/wp\/v2\/comments?post=778"}],"version-history":[{"count":9,"href":"https:\/\/blogsaverroes.juntadeandalucia.es\/ieslassalinas\/wp-json\/wp\/v2\/posts\/778\/revisions"}],"predecessor-version":[{"id":808,"href":"https:\/\/blogsaverroes.juntadeandalucia.es\/ieslassalinas\/wp-json\/wp\/v2\/posts\/778\/revisions\/808"}],"wp:featuredmedia":[{"embeddable":true,"href":"https:\/\/blogsaverroes.juntadeandalucia.es\/ieslassalinas\/wp-json\/wp\/v2\/media\/801"}],"wp:attachment":[{"href":"https:\/\/blogsaverroes.juntadeandalucia.es\/ieslassalinas\/wp-json\/wp\/v2\/media?parent=778"}],"wp:term":[{"taxonomy":"category","embeddable":true,"href":"https:\/\/blogsaverroes.juntadeandalucia.es\/ieslassalinas\/wp-json\/wp\/v2\/categories?post=778"},{"taxonomy":"post_tag","embeddable":true,"href":"https:\/\/blogsaverroes.juntadeandalucia.es\/ieslassalinas\/wp-json\/wp\/v2\/tags?post=778"}],"curies":[{"name":"wp","href":"https:\/\/api.w.org\/{rel}","templated":true}]}}