{"id":2625,"date":"2021-02-26T19:24:19","date_gmt":"2021-02-26T19:24:19","guid":{"rendered":"https:\/\/blogsaverroes.juntadeandalucia.es\/ieslasvinas\/?p=2625"},"modified":"2021-02-27T10:25:25","modified_gmt":"2021-02-27T10:25:25","slug":"2625","status":"publish","type":"post","link":"https:\/\/blogsaverroes.juntadeandalucia.es\/ieslasvinas\/2021\/02\/26\/2625\/","title":{"rendered":"Procedimiento de admisi\u00f3n del alumnado en los centros docentes p\u00fablicos"},"content":{"rendered":"<p style=\"text-align: justify\"><strong>La Consejer\u00eda de Educaci\u00f3n y Deporte convoca el procedimiento de admisi\u00f3n del alumnado en los centros docentes p\u00fablico <\/strong>y privados concertados<strong>&nbsp;para cursar las ense\u00f1anzas de segundo ciclo de educaci\u00f3n infantil, educaci\u00f3n primaria,&nbsp;<\/strong>educaci\u00f3n especial, educaci\u00f3n secundaria obligatoria y bachillerato para el curso escolar 2020\/21.<\/p>\n<p style=\"text-align: justify\">Durante todo el mes de marzo permanecer\u00e1 abierto en Andaluc\u00eda el plazo para la presentaci\u00f3n de solicitudes de admisi\u00f3n correspondientes al curso escolar 2020\/21&nbsp;en la red de centros sostenidos con fondos p\u00fablicos. Se inicia de este modo el proceso de escolarizaci\u00f3n en el que&nbsp;<strong>participan todos los ni\u00f1os y ni\u00f1as que se incorporan por primera vez al sistema educativo, tanto en centros p\u00fablicos como privados concertados, as\u00ed como el alumnado que cambie de centro escolar.<\/strong><\/p>\n<p style=\"text-align: justify\"><strong>Entre los d\u00edas 1 y 31 de marzo,<\/strong>&nbsp;ambos inclusive, deber\u00e1n presentar su solicitud&nbsp;los escolares de&nbsp;<strong>segundo ciclo de educaci\u00f3n infantil, educaci\u00f3n primaria<\/strong>,&nbsp;educaci\u00f3n especial, educaci\u00f3n secundaria obligatoria y bachillerato.<\/p>\n<p style=\"text-align: justify\">La presentaci\u00f3n de la Solicitud de Admisi\u00f3n se har\u00e1&nbsp;<a href=\"https:\/\/www.juntadeandalucia.es\/educacion\/secretariavirtual\/accesoTramite\/439\/\" target=\"_blank\" rel=\"noopener noreferrer\"><strong>preferentemente v\u00eda telem\u00e1tica<\/strong><\/a>&nbsp;, a trav\u00e9s de la&nbsp;<strong>Secretar\u00eda Virtual de los centros educativos<\/strong> o, en casos justificados, de forma presencial en la Secretar\u00eda del <strong>IES LAS VI\u00d1AS<\/strong> <strong>solicitando la oportuna cita previa:<\/strong><\/p>\n<h3><strong>&nbsp;<\/strong>Tel\u00e9fono: <b>957596575 ( de <\/b><b>11:00&nbsp;<\/b><b>a&nbsp;<\/b><b>12:30&nbsp;<\/b><b>horas)<\/b><\/h3>\n<p><strong>El horario de citas presenciales,&nbsp;para la entrega de solicitudes de admisi\u00f3n en el centro, ser\u00e1&nbsp;de 9:30 a 11 horas.<\/strong><\/p>\n<p><strong>La entrega de solicitud de admisi\u00f3n v\u00eda telem\u00e1tica estar\u00e1 disponible las 24 horas en la Secretar\u00eda Virtual de los Centros Educativos:&nbsp;<a href=\"https:\/\/www.juntadeandalucia.es\/educacion\/secretariavirtual\/solicitudes\/\" target=\"_blank\" rel=\"noopener noreferrer\">https:\/\/www.juntadeandalucia.es\/educacion\/secretariavirtual\/solicitudes\/<\/a><\/strong><\/p>\n<p><strong>Plazo desde el 1 al 31 de Marzo de 2021<\/strong><\/p>\n<div id=\"p_p_id_ABACO_DOCUMENTOS_WAR_abacoportlet_INSTANCE_ts1VgtPiLaI8_\" class=\"portlet-boundary portlet-boundary_ABACO_DOCUMENTOS_WAR_abacoportlet_ portlet-static portlet-static-end \">\n<section id=\"portlet_ABACO_DOCUMENTOS_WAR_abacoportlet_INSTANCE_ts1VgtPiLaI8\" class=\"portlet\">\n<header class=\"portlet-topper\"><span class=\"portlet-title-text\"><a href=\"http:\/\/www.juntadeandalucia.es\/educacion\/portals\/web\/escolarizacion\/infantil-a-bachillerato\/impresos\" target=\"_blank\" rel=\"noopener noreferrer\">Impresos<\/a>&nbsp;para el procedimiento de escolarizaci\u00f3n<\/span><\/header>\n<header class=\"portlet-topper\"><a title=\"Procedimiento\" href=\"http:\/\/www.juntadeandalucia.es\/educacion\/portals\/web\/escolarizacion\/infantil-a-bachillerato\/normativa\" target=\"_blank\" rel=\"noopener noreferrer\">Normativa<\/a>&nbsp;sobre el proceso de escolarizaci\u00f3n.<\/header>\n<header class=\"portlet-topper\"><a href=\"http:\/\/www.juntadeandalucia.es\/educacion\/portals\/web\/escolarizacion\/infantil-a-bachillerato\/calendario\" target=\"_blank\" rel=\"noopener noreferrer\">Calendario<\/a>&nbsp;para el proceso de escolarizaci\u00f3n.<\/header>\n<header class=\"portlet-topper\"><a href=\"http:\/\/www.juntadeandalucia.es\/educacion\/portals\/web\/escolarizacion\/infantil-a-bachillerato\/preguntas-frecuentes\" target=\"_blank\" rel=\"noopener noreferrer\">Preguntas frecuentes<\/a><\/header>\n<header class=\"portlet-topper\"><a href=\"http:\/\/www.juntadeandalucia.es\/educacion\/educasig\/escolarizacion\/?delegacion=29\" target=\"_blank\" rel=\"noopener noreferrer\">Consulta de \u00e1reas de Influencia<\/a><a href=\"https:\/\/www.juntadeandalucia.es\/educacion\/secretariavirtual\/solicitudes\/\" target=\"_blank\" rel=\"noopener noreferrer\">&nbsp;<\/a><\/header>\n<p>&nbsp;<\/p>\n<p><a class=\"\" href=\"https:\/\/www.juntadeandalucia.es\/educacion\/portals\/web\/escolarizacion\/infantil-a-bachillerato\" target=\"_blank\" rel=\"noopener noreferrer\"><img fetchpriority=\"high\" decoding=\"async\" class=\"aligncenter tc-smart-loaded\" src=\"https:\/\/blogsaverroes.juntadeandalucia.es\/ceipjosefinaaldecoa\/files\/2020\/03\/COVER_YOUTUBE_ADMISION.jpg\" width=\"940\" height=\"529\"><\/a><\/p>\n<p style=\"text-align: center\"><a title=\"Portal escolarizaci\u00f3n\" href=\"http:\/\/www.juntadeandalucia.es\/educacion\/webportal\/web\/portal-escolarizacion\/infantil-primaria-eso-bachillerato\" target=\"_blank\" rel=\"noopener noreferrer\">Enlace al portal de escolarizaci\u00f3n<\/a><\/p>\n<\/section>\n<\/div>\n","protected":false},"excerpt":{"rendered":"<p>La Consejer\u00eda de Educaci\u00f3n y Deporte convoca el procedimiento de admisi\u00f3n del alumnado en los centros docentes p\u00fablico y privados concertados&nbsp;para cursar las ense\u00f1anzas de segundo ciclo de educaci\u00f3n infantil, educaci\u00f3n primaria,&nbsp;educaci\u00f3n especial, educaci\u00f3n&#46;&#46;&#46;<\/p>\n","protected":false},"author":7609,"featured_media":2626,"comment_status":"open","ping_status":"open","sticky":false,"template":"","format":"standard","meta":{"ngg_post_thumbnail":0,"footnotes":""},"categories":[526,307419],"tags":[],"aioseo_notices":[],"_links":{"self":[{"href":"https:\/\/blogsaverroes.juntadeandalucia.es\/ieslasvinas\/wp-json\/wp\/v2\/posts\/2625"}],"collection":[{"href":"https:\/\/blogsaverroes.juntadeandalucia.es\/ieslasvinas\/wp-json\/wp\/v2\/posts"}],"about":[{"href":"https:\/\/blogsaverroes.juntadeandalucia.es\/ieslasvinas\/wp-json\/wp\/v2\/types\/post"}],"author":[{"embeddable":true,"href":"https:\/\/blogsaverroes.juntadeandalucia.es\/ieslasvinas\/wp-json\/wp\/v2\/users\/7609"}],"replies":[{"embeddable":true,"href":"https:\/\/blogsaverroes.juntadeandalucia.es\/ieslasvinas\/wp-json\/wp\/v2\/comments?post=2625"}],"version-history":[{"count":3,"href":"https:\/\/blogsaverroes.juntadeandalucia.es\/ieslasvinas\/wp-json\/wp\/v2\/posts\/2625\/revisions"}],"predecessor-version":[{"id":2685,"href":"https:\/\/blogsaverroes.juntadeandalucia.es\/ieslasvinas\/wp-json\/wp\/v2\/posts\/2625\/revisions\/2685"}],"wp:featuredmedia":[{"embeddable":true,"href":"https:\/\/blogsaverroes.juntadeandalucia.es\/ieslasvinas\/wp-json\/wp\/v2\/media\/2626"}],"wp:attachment":[{"href":"https:\/\/blogsaverroes.juntadeandalucia.es\/ieslasvinas\/wp-json\/wp\/v2\/media?parent=2625"}],"wp:term":[{"taxonomy":"category","embeddable":true,"href":"https:\/\/blogsaverroes.juntadeandalucia.es\/ieslasvinas\/wp-json\/wp\/v2\/categories?post=2625"},{"taxonomy":"post_tag","embeddable":true,"href":"https:\/\/blogsaverroes.juntadeandalucia.es\/ieslasvinas\/wp-json\/wp\/v2\/tags?post=2625"}],"curies":[{"name":"wp","href":"https:\/\/api.w.org\/{rel}","templated":true}]}}