{"id":3556,"date":"2021-08-27T16:29:40","date_gmt":"2021-08-27T16:29:40","guid":{"rendered":"https:\/\/blogsaverroes.juntadeandalucia.es\/ieslasvinas\/?p=3556"},"modified":"2021-08-27T16:29:40","modified_gmt":"2021-08-27T16:29:40","slug":"moodle-centros-2","status":"publish","type":"post","link":"https:\/\/blogsaverroes.juntadeandalucia.es\/ieslasvinas\/2021\/08\/27\/moodle-centros-2\/","title":{"rendered":"Moodle Centros"},"content":{"rendered":"<p>Para este curso 21\/22 en la Sala de profesorado de MOODLE del IES Las Vi\u00f1as, se ha creado una pesta\u00f1a \u00abTDE\u00bb para alojar informaci\u00f3n accesible al profesorado sobre MOODLE CENTROS, GSUITE y S\u00e9neca. Para consultar este material se puede acceder a trav\u00e9s del siguiente procedimiento:<\/p>\n<ul>\n<li><strong>Accede a la plataforma Moodle Centros de C\u00f3rdoba: <a href=\"https:\/\/educacionadistancia.juntadeandalucia.es\/centros\/cordoba\/my\/\">Moodle Centros C\u00f3rdoba<\/a><\/strong><a href=\"https:\/\/educacionadistancia.juntadeandalucia.es\/centros\/cordoba\/my\/\">&nbsp;<\/a><\/li>\n<li><strong>Introduce tu usuario de S\u00e9neca<\/strong><\/li>\n<li><strong>Entra en la \u00abSala del profesorado del I.E.S. Las Vi\u00f1as\u00bb&nbsp;<\/strong><\/li>\n<li><strong>Selecciona la pesta\u00f1a \u00abTDE\u00bb<\/strong><\/li>\n<\/ul>\n<p><img fetchpriority=\"high\" decoding=\"async\" class=\"aligncenter size-large wp-image-3557\" src=\"https:\/\/blogsaverroes.juntadeandalucia.es\/ieslasvinas\/files\/2021\/08\/Captura-de-pantalla-2021-08-27-a-las-18.03.04-1024x519.png\" alt=\"\" width=\"1024\" height=\"519\" srcset=\"https:\/\/blogsaverroes.juntadeandalucia.es\/ieslasvinas\/files\/2021\/08\/Captura-de-pantalla-2021-08-27-a-las-18.03.04-1024x519.png 1024w, https:\/\/blogsaverroes.juntadeandalucia.es\/ieslasvinas\/files\/2021\/08\/Captura-de-pantalla-2021-08-27-a-las-18.03.04-300x152.png 300w, https:\/\/blogsaverroes.juntadeandalucia.es\/ieslasvinas\/files\/2021\/08\/Captura-de-pantalla-2021-08-27-a-las-18.03.04-768x389.png 768w, https:\/\/blogsaverroes.juntadeandalucia.es\/ieslasvinas\/files\/2021\/08\/Captura-de-pantalla-2021-08-27-a-las-18.03.04.png 1407w\" sizes=\"(max-width: 1024px) 100vw, 1024px\" \/><\/p>\n<p>En el apartado \u00ab<strong>S\u00c9NECA<\/strong>\u00bb se pueden encontrar manuales y videotutoriales donde se puede seguir aprendiendo y profundizando sobre esta plataforma.&nbsp;<\/p>\n<p><img decoding=\"async\" class=\"aligncenter size-large wp-image-3558\" src=\"https:\/\/blogsaverroes.juntadeandalucia.es\/ieslasvinas\/files\/2021\/08\/Captura-de-pantalla-2021-08-27-a-las-18.27.59-1024x563.png\" alt=\"\" width=\"1024\" height=\"563\" srcset=\"https:\/\/blogsaverroes.juntadeandalucia.es\/ieslasvinas\/files\/2021\/08\/Captura-de-pantalla-2021-08-27-a-las-18.27.59-1024x563.png 1024w, https:\/\/blogsaverroes.juntadeandalucia.es\/ieslasvinas\/files\/2021\/08\/Captura-de-pantalla-2021-08-27-a-las-18.27.59-300x165.png 300w, https:\/\/blogsaverroes.juntadeandalucia.es\/ieslasvinas\/files\/2021\/08\/Captura-de-pantalla-2021-08-27-a-las-18.27.59-768x422.png 768w, https:\/\/blogsaverroes.juntadeandalucia.es\/ieslasvinas\/files\/2021\/08\/Captura-de-pantalla-2021-08-27-a-las-18.27.59.png 1435w\" sizes=\"(max-width: 1024px) 100vw, 1024px\" \/><\/p>\n<p>&nbsp;<\/p>\n<p>En el apartado \u00ab<strong>MOODLE<\/strong>\u00bb se pueden encontrar <strong>manuales y videotutoriales<\/strong> donde se puede seguir aprendiendo y profundizando sobre el uso y manejo de la plataforma. Este material puede ayudarnos en nuestra migraci\u00f3n a la nueva plataforma o a dar nuestros primeros pasos en ella.<\/p>\n<p>&nbsp;<\/p>\n<p>&nbsp;<\/p>\n","protected":false},"excerpt":{"rendered":"<p>Para este curso 21\/22 en la Sala de profesorado de MOODLE del IES Las Vi\u00f1as, se ha creado una pesta\u00f1a \u00abTDE\u00bb para alojar informaci\u00f3n accesible al profesorado sobre MOODLE CENTROS, GSUITE y S\u00e9neca. Para&#46;&#46;&#46;<\/p>\n","protected":false},"author":7609,"featured_media":3558,"comment_status":"open","ping_status":"open","sticky":false,"template":"","format":"standard","meta":{"ngg_post_thumbnail":0,"footnotes":""},"categories":[307469],"tags":[276],"aioseo_notices":[],"_links":{"self":[{"href":"https:\/\/blogsaverroes.juntadeandalucia.es\/ieslasvinas\/wp-json\/wp\/v2\/posts\/3556"}],"collection":[{"href":"https:\/\/blogsaverroes.juntadeandalucia.es\/ieslasvinas\/wp-json\/wp\/v2\/posts"}],"about":[{"href":"https:\/\/blogsaverroes.juntadeandalucia.es\/ieslasvinas\/wp-json\/wp\/v2\/types\/post"}],"author":[{"embeddable":true,"href":"https:\/\/blogsaverroes.juntadeandalucia.es\/ieslasvinas\/wp-json\/wp\/v2\/users\/7609"}],"replies":[{"embeddable":true,"href":"https:\/\/blogsaverroes.juntadeandalucia.es\/ieslasvinas\/wp-json\/wp\/v2\/comments?post=3556"}],"version-history":[{"count":1,"href":"https:\/\/blogsaverroes.juntadeandalucia.es\/ieslasvinas\/wp-json\/wp\/v2\/posts\/3556\/revisions"}],"predecessor-version":[{"id":3559,"href":"https:\/\/blogsaverroes.juntadeandalucia.es\/ieslasvinas\/wp-json\/wp\/v2\/posts\/3556\/revisions\/3559"}],"wp:featuredmedia":[{"embeddable":true,"href":"https:\/\/blogsaverroes.juntadeandalucia.es\/ieslasvinas\/wp-json\/wp\/v2\/media\/3558"}],"wp:attachment":[{"href":"https:\/\/blogsaverroes.juntadeandalucia.es\/ieslasvinas\/wp-json\/wp\/v2\/media?parent=3556"}],"wp:term":[{"taxonomy":"category","embeddable":true,"href":"https:\/\/blogsaverroes.juntadeandalucia.es\/ieslasvinas\/wp-json\/wp\/v2\/categories?post=3556"},{"taxonomy":"post_tag","embeddable":true,"href":"https:\/\/blogsaverroes.juntadeandalucia.es\/ieslasvinas\/wp-json\/wp\/v2\/tags?post=3556"}],"curies":[{"name":"wp","href":"https:\/\/api.w.org\/{rel}","templated":true}]}}