{"id":4140,"date":"2023-08-28T17:07:37","date_gmt":"2023-08-28T17:07:37","guid":{"rendered":"https:\/\/blogsaverroes.juntadeandalucia.es\/ieslasvinas\/?p=4140"},"modified":"2023-08-28T17:09:01","modified_gmt":"2023-08-28T17:09:01","slug":"calendarios-para-las-clases-2","status":"publish","type":"post","link":"https:\/\/blogsaverroes.juntadeandalucia.es\/ieslasvinas\/2023\/08\/28\/calendarios-para-las-clases-2\/","title":{"rendered":"Calendarios para las clases"},"content":{"rendered":"<p>Os dejamos estos calendarios para que pod\u00e1is colgarlos en el tabl\u00f3n de las clases y as\u00ed organizar las tareas y ex\u00e1menes durante este curso 23-24<\/p>\n<p><a href=\"https:\/\/blogsaverroes.juntadeandalucia.es\/ieslasvinas\/files\/2023\/08\/CALENDARIO1-TRIMESTRE_23-24.pdf\">CALENDARIO1-TRIMESTRE_23-24<\/a><\/p>\n<p><a href=\"https:\/\/blogsaverroes.juntadeandalucia.es\/ieslasvinas\/files\/2023\/08\/CALENDARIO-SEGUNDO-TRIMESTRE23-24.pdf\">CALENDARIO SEGUNDO TRIMESTRE23-24<\/a><\/p>\n<p><a href=\"https:\/\/blogsaverroes.juntadeandalucia.es\/ieslasvinas\/files\/2023\/08\/CALENDARIO3-TRIMESTRE_23-24.pdf\">CALENDARIO TERCER TRIMESTRE_23-24<\/a><\/p>\n<p><a href=\"https:\/\/blogsaverroes.juntadeandalucia.es\/ieslasvinas\/files\/2023\/08\/Calendario-Escolar_IES_LAS_VIN\u0303AS-20232024.pdf\">Calendario Escolar_IES_LAS_VIN\u0303AS_23-24<\/a><\/p>\n","protected":false},"excerpt":{"rendered":"<p>Os dejamos estos calendarios para que pod\u00e1is colgarlos en el tabl\u00f3n de las clases y as\u00ed organizar las tareas y ex\u00e1menes durante este curso 23-24 CALENDARIO1-TRIMESTRE_23-24 CALENDARIO SEGUNDO TRIMESTRE23-24 CALENDARIO TERCER TRIMESTRE_23-24 Calendario Escolar_IES_LAS_VIN\u0303AS_23-24<\/p>\n","protected":false},"author":7609,"featured_media":4145,"comment_status":"open","ping_status":"open","sticky":false,"template":"","format":"standard","meta":{"ngg_post_thumbnail":0,"footnotes":""},"categories":[307458,526],"tags":[307484],"aioseo_notices":[],"_links":{"self":[{"href":"https:\/\/blogsaverroes.juntadeandalucia.es\/ieslasvinas\/wp-json\/wp\/v2\/posts\/4140"}],"collection":[{"href":"https:\/\/blogsaverroes.juntadeandalucia.es\/ieslasvinas\/wp-json\/wp\/v2\/posts"}],"about":[{"href":"https:\/\/blogsaverroes.juntadeandalucia.es\/ieslasvinas\/wp-json\/wp\/v2\/types\/post"}],"author":[{"embeddable":true,"href":"https:\/\/blogsaverroes.juntadeandalucia.es\/ieslasvinas\/wp-json\/wp\/v2\/users\/7609"}],"replies":[{"embeddable":true,"href":"https:\/\/blogsaverroes.juntadeandalucia.es\/ieslasvinas\/wp-json\/wp\/v2\/comments?post=4140"}],"version-history":[{"count":1,"href":"https:\/\/blogsaverroes.juntadeandalucia.es\/ieslasvinas\/wp-json\/wp\/v2\/posts\/4140\/revisions"}],"predecessor-version":[{"id":4146,"href":"https:\/\/blogsaverroes.juntadeandalucia.es\/ieslasvinas\/wp-json\/wp\/v2\/posts\/4140\/revisions\/4146"}],"wp:featuredmedia":[{"embeddable":true,"href":"https:\/\/blogsaverroes.juntadeandalucia.es\/ieslasvinas\/wp-json\/wp\/v2\/media\/4145"}],"wp:attachment":[{"href":"https:\/\/blogsaverroes.juntadeandalucia.es\/ieslasvinas\/wp-json\/wp\/v2\/media?parent=4140"}],"wp:term":[{"taxonomy":"category","embeddable":true,"href":"https:\/\/blogsaverroes.juntadeandalucia.es\/ieslasvinas\/wp-json\/wp\/v2\/categories?post=4140"},{"taxonomy":"post_tag","embeddable":true,"href":"https:\/\/blogsaverroes.juntadeandalucia.es\/ieslasvinas\/wp-json\/wp\/v2\/tags?post=4140"}],"curies":[{"name":"wp","href":"https:\/\/api.w.org\/{rel}","templated":true}]}}