{"id":10312,"date":"2024-12-21T14:32:52","date_gmt":"2024-12-21T14:32:52","guid":{"rendered":"https:\/\/blogsaverroes.juntadeandalucia.es\/ieslaureldelareina\/?p=10312"},"modified":"2024-12-21T14:32:52","modified_gmt":"2024-12-21T14:32:52","slug":"laurelbike","status":"publish","type":"post","link":"https:\/\/blogsaverroes.juntadeandalucia.es\/ieslaureldelareina\/laurelbike\/","title":{"rendered":"LAURELBIKE"},"content":{"rendered":"<p><img loading=\"lazy\" decoding=\"async\" class=\"aligncenter size-full wp-image-10315\" src=\"https:\/\/blogsaverroes.juntadeandalucia.es\/ieslaureldelareina\/files\/2024\/12\/Cartel-Laurel-Bike.png\" alt=\"\" width=\"1190\" height=\"1682\" srcset=\"https:\/\/blogsaverroes.juntadeandalucia.es\/ieslaureldelareina\/files\/2024\/12\/Cartel-Laurel-Bike.png 1132w, https:\/\/blogsaverroes.juntadeandalucia.es\/ieslaureldelareina\/files\/2024\/12\/Cartel-Laurel-Bike-212x300.png 212w, https:\/\/blogsaverroes.juntadeandalucia.es\/ieslaureldelareina\/files\/2024\/12\/Cartel-Laurel-Bike-724x1024.png 724w, https:\/\/blogsaverroes.juntadeandalucia.es\/ieslaureldelareina\/files\/2024\/12\/Cartel-Laurel-Bike-768x1086.png 768w, https:\/\/blogsaverroes.juntadeandalucia.es\/ieslaureldelareina\/files\/2024\/12\/Cartel-Laurel-Bike-1087x1536.png 1087w\" sizes=\"(max-width: 1190px) 100vw, 1190px\" \/><\/p>\n<p>LAURELBIKE es un proyecto ideado desde el Plan de Igualdad con la intervenci\u00f3n de M. V. G. y A. H. G., alumnos de 4\u00b0de ESO. Hemos orientado este proyecto integral sobre la bicicleta hacia el Plan de Igualdad.<br \/>\nLa primera actividad que se ha realizado en el primer trimestre ha sido la siguiente: Alumnas y alumnos de 1\u00b0 y 2\u00b0 de la ESO han tra\u00eddo y compartido su bicicleta para realizar:<br \/>\n&#8211; Un CIRCUITO por el centro en colaboraci\u00f3n con el Departamento de Educaci\u00f3n F\u00edsica.<br \/>\n&#8211; TALLER EXPR\u00c9S de BICIS impartido por David Fern\u00e1ndez. Se ha realizado el montaje y desmontaje de ruedas y la reparaci\u00f3n de pinchazos.<br \/>\nLa experiencia ha sido muy interesante y positiva. Es la primera vez que se realiza una actividad as\u00ed en el centro. Animamos a toda la comunidad educativa para que pueda continuar esta actividad en a\u00f1os sucesivos.<br \/>\nLa bicicleta son alas y transporte sostenible para todos y todas adem\u00e1s de una diversi\u00f3n y un deporte muy recomendable.<\/p>\n<p>\u00a1En bicicleta, somos iguales!<\/p>\n\n\t\t<style>\n\t\t\t#gallery-1 {\n\t\t\t\tmargin: auto;\n\t\t\t}\n\t\t\t#gallery-1 .gallery-item {\n\t\t\t\tfloat: left;\n\t\t\t\tmargin-top: 10px;\n\t\t\t\ttext-align: center;\n\t\t\t\twidth: 50%;\n\t\t\t}\n\t\t\t#gallery-1 img {\n\t\t\t\tborder: 2px solid #cfcfcf;\n\t\t\t}\n\t\t\t#gallery-1 .gallery-caption {\n\t\t\t\tmargin-left: 0;\n\t\t\t}\n\t\t\t\/* see gallery_shortcode() in wp-includes\/media.php *\/\n\t\t<\/style>\n\t\t<div id='gallery-1' class='gallery galleryid-10312 gallery-columns-2 gallery-size-thumbnail'><dl class='gallery-item'>\n\t\t\t<dt class='gallery-icon landscape'>\n\t\t\t\t<img loading=\"lazy\" decoding=\"async\" width=\"150\" height=\"150\" src=\"https:\/\/blogsaverroes.juntadeandalucia.es\/ieslaureldelareina\/files\/2024\/12\/WhatsApp-Image-2024-12-20-at-14.07.00-150x150.jpeg\" class=\"attachment-thumbnail size-thumbnail\" alt=\"\" srcset=\"https:\/\/blogsaverroes.juntadeandalucia.es\/ieslaureldelareina\/files\/2024\/12\/WhatsApp-Image-2024-12-20-at-14.07.00-150x150.jpeg 150w, https:\/\/blogsaverroes.juntadeandalucia.es\/ieslaureldelareina\/files\/2024\/12\/WhatsApp-Image-2024-12-20-at-14.07.00-80x80.jpeg 80w, https:\/\/blogsaverroes.juntadeandalucia.es\/ieslaureldelareina\/files\/2024\/12\/WhatsApp-Image-2024-12-20-at-14.07.00-320x320.jpeg 320w\" sizes=\"(max-width: 150px) 100vw, 150px\" \/>\n\t\t\t<\/dt><\/dl><dl class='gallery-item'>\n\t\t\t<dt class='gallery-icon landscape'>\n\t\t\t\t<img loading=\"lazy\" decoding=\"async\" width=\"150\" height=\"150\" src=\"https:\/\/blogsaverroes.juntadeandalucia.es\/ieslaureldelareina\/files\/2024\/12\/WhatsApp-Image-2024-12-20-at-14.07.02-150x150.jpeg\" class=\"attachment-thumbnail size-thumbnail\" alt=\"\" srcset=\"https:\/\/blogsaverroes.juntadeandalucia.es\/ieslaureldelareina\/files\/2024\/12\/WhatsApp-Image-2024-12-20-at-14.07.02-150x150.jpeg 150w, https:\/\/blogsaverroes.juntadeandalucia.es\/ieslaureldelareina\/files\/2024\/12\/WhatsApp-Image-2024-12-20-at-14.07.02-80x80.jpeg 80w, https:\/\/blogsaverroes.juntadeandalucia.es\/ieslaureldelareina\/files\/2024\/12\/WhatsApp-Image-2024-12-20-at-14.07.02-320x320.jpeg 320w\" sizes=\"(max-width: 150px) 100vw, 150px\" \/>\n\t\t\t<\/dt><\/dl><br style=\"clear: both\" \/>\n\t\t<\/div>\n\n<p><iframe loading=\"lazy\" src=\"https:\/\/drive.google.com\/file\/d\/1p5MGmcGhUdZ8g6eQPEogQoQqo-HN-rAR\/preview\" width=\"640\" height=\"480\"><\/iframe><\/p>\n<p>&nbsp;<\/p>\n","protected":false},"excerpt":{"rendered":"<p>&#46;&#46;&#46;<\/p>\n","protected":false},"author":6756,"featured_media":10315,"comment_status":"closed","ping_status":"open","sticky":false,"template":"","format":"standard","meta":{"ngg_post_thumbnail":0,"footnotes":""},"categories":[65980,650111],"tags":[],"aioseo_notices":[],"_links":{"self":[{"href":"https:\/\/blogsaverroes.juntadeandalucia.es\/ieslaureldelareina\/wp-json\/wp\/v2\/posts\/10312"}],"collection":[{"href":"https:\/\/blogsaverroes.juntadeandalucia.es\/ieslaureldelareina\/wp-json\/wp\/v2\/posts"}],"about":[{"href":"https:\/\/blogsaverroes.juntadeandalucia.es\/ieslaureldelareina\/wp-json\/wp\/v2\/types\/post"}],"author":[{"embeddable":true,"href":"https:\/\/blogsaverroes.juntadeandalucia.es\/ieslaureldelareina\/wp-json\/wp\/v2\/users\/6756"}],"replies":[{"embeddable":true,"href":"https:\/\/blogsaverroes.juntadeandalucia.es\/ieslaureldelareina\/wp-json\/wp\/v2\/comments?post=10312"}],"version-history":[{"count":1,"href":"https:\/\/blogsaverroes.juntadeandalucia.es\/ieslaureldelareina\/wp-json\/wp\/v2\/posts\/10312\/revisions"}],"predecessor-version":[{"id":10316,"href":"https:\/\/blogsaverroes.juntadeandalucia.es\/ieslaureldelareina\/wp-json\/wp\/v2\/posts\/10312\/revisions\/10316"}],"wp:featuredmedia":[{"embeddable":true,"href":"https:\/\/blogsaverroes.juntadeandalucia.es\/ieslaureldelareina\/wp-json\/wp\/v2\/media\/10315"}],"wp:attachment":[{"href":"https:\/\/blogsaverroes.juntadeandalucia.es\/ieslaureldelareina\/wp-json\/wp\/v2\/media?parent=10312"}],"wp:term":[{"taxonomy":"category","embeddable":true,"href":"https:\/\/blogsaverroes.juntadeandalucia.es\/ieslaureldelareina\/wp-json\/wp\/v2\/categories?post=10312"},{"taxonomy":"post_tag","embeddable":true,"href":"https:\/\/blogsaverroes.juntadeandalucia.es\/ieslaureldelareina\/wp-json\/wp\/v2\/tags?post=10312"}],"curies":[{"name":"wp","href":"https:\/\/api.w.org\/{rel}","templated":true}]}}