{"id":11807,"date":"2026-04-21T14:04:22","date_gmt":"2026-04-21T14:04:22","guid":{"rendered":"https:\/\/blogsaverroes.juntadeandalucia.es\/ieslaureldelareina\/?p=11807"},"modified":"2026-04-21T14:04:22","modified_gmt":"2026-04-21T14:04:22","slug":"feria-del-libro","status":"publish","type":"post","link":"https:\/\/blogsaverroes.juntadeandalucia.es\/ieslaureldelareina\/feria-del-libro\/","title":{"rendered":"Feria del Libro"},"content":{"rendered":"<p>\u200b\u00a1Vuelve la Feria del Libro a la biblioteca del IES Laurel de la Reina!<br \/>\n\u200bEste mi\u00e9rcoles 22 y jueves 23 te esperamos con una selecci\u00f3n incre\u00edble de lecturas y descuentos especiales para toda nuestra comunidad educativa.<br \/>\n\u200b\u00a1Leer nos hace crecer!<\/p>\n<p><img loading=\"lazy\" decoding=\"async\" class=\"aligncenter wp-image-11808 size-full\" src=\"https:\/\/blogsaverroes.juntadeandalucia.es\/ieslaureldelareina\/files\/2026\/04\/WhatsApp-Image-2026-04-21-at-14.10.22.jpeg\" alt=\"\" width=\"832\" height=\"1292\" srcset=\"https:\/\/blogsaverroes.juntadeandalucia.es\/ieslaureldelareina\/files\/2026\/04\/WhatsApp-Image-2026-04-21-at-14.10.22.jpeg 832w, https:\/\/blogsaverroes.juntadeandalucia.es\/ieslaureldelareina\/files\/2026\/04\/WhatsApp-Image-2026-04-21-at-14.10.22-193x300.jpeg 193w, https:\/\/blogsaverroes.juntadeandalucia.es\/ieslaureldelareina\/files\/2026\/04\/WhatsApp-Image-2026-04-21-at-14.10.22-659x1024.jpeg 659w, https:\/\/blogsaverroes.juntadeandalucia.es\/ieslaureldelareina\/files\/2026\/04\/WhatsApp-Image-2026-04-21-at-14.10.22-768x1193.jpeg 768w\" sizes=\"(max-width: 832px) 100vw, 832px\" \/><\/p>\n","protected":false},"excerpt":{"rendered":"<p>&#46;&#46;&#46;<\/p>\n","protected":false},"author":6756,"featured_media":11808,"comment_status":"closed","ping_status":"open","sticky":false,"template":"","format":"standard","meta":{"ngg_post_thumbnail":0,"footnotes":""},"categories":[65980,25505],"tags":[],"aioseo_notices":[],"_links":{"self":[{"href":"https:\/\/blogsaverroes.juntadeandalucia.es\/ieslaureldelareina\/wp-json\/wp\/v2\/posts\/11807"}],"collection":[{"href":"https:\/\/blogsaverroes.juntadeandalucia.es\/ieslaureldelareina\/wp-json\/wp\/v2\/posts"}],"about":[{"href":"https:\/\/blogsaverroes.juntadeandalucia.es\/ieslaureldelareina\/wp-json\/wp\/v2\/types\/post"}],"author":[{"embeddable":true,"href":"https:\/\/blogsaverroes.juntadeandalucia.es\/ieslaureldelareina\/wp-json\/wp\/v2\/users\/6756"}],"replies":[{"embeddable":true,"href":"https:\/\/blogsaverroes.juntadeandalucia.es\/ieslaureldelareina\/wp-json\/wp\/v2\/comments?post=11807"}],"version-history":[{"count":1,"href":"https:\/\/blogsaverroes.juntadeandalucia.es\/ieslaureldelareina\/wp-json\/wp\/v2\/posts\/11807\/revisions"}],"predecessor-version":[{"id":11809,"href":"https:\/\/blogsaverroes.juntadeandalucia.es\/ieslaureldelareina\/wp-json\/wp\/v2\/posts\/11807\/revisions\/11809"}],"wp:featuredmedia":[{"embeddable":true,"href":"https:\/\/blogsaverroes.juntadeandalucia.es\/ieslaureldelareina\/wp-json\/wp\/v2\/media\/11808"}],"wp:attachment":[{"href":"https:\/\/blogsaverroes.juntadeandalucia.es\/ieslaureldelareina\/wp-json\/wp\/v2\/media?parent=11807"}],"wp:term":[{"taxonomy":"category","embeddable":true,"href":"https:\/\/blogsaverroes.juntadeandalucia.es\/ieslaureldelareina\/wp-json\/wp\/v2\/categories?post=11807"},{"taxonomy":"post_tag","embeddable":true,"href":"https:\/\/blogsaverroes.juntadeandalucia.es\/ieslaureldelareina\/wp-json\/wp\/v2\/tags?post=11807"}],"curies":[{"name":"wp","href":"https:\/\/api.w.org\/{rel}","templated":true}]}}