{"id":4715,"date":"2020-01-17T18:06:09","date_gmt":"2020-01-17T18:06:09","guid":{"rendered":"https:\/\/blogsaverroes.juntadeandalucia.es\/ieslaureldelareina\/?p=4715"},"modified":"2020-01-22T09:48:23","modified_gmt":"2020-01-22T09:48:23","slug":"recogida-de-libros","status":"publish","type":"post","link":"https:\/\/blogsaverroes.juntadeandalucia.es\/ieslaureldelareina\/recogida-de-libros\/","title":{"rendered":"Recogida de libros"},"content":{"rendered":"<p><a href=\"https:\/\/blogsaverroes.juntadeandalucia.es\/ieslaureldelareina\/files\/2020\/01\/IMG_20200117_164641.jpg\"><img loading=\"lazy\" decoding=\"async\" class=\"alignnone size-medium wp-image-4716\" src=\"https:\/\/blogsaverroes.juntadeandalucia.es\/ieslaureldelareina\/files\/2020\/01\/IMG_20200117_164641-300x225.jpg\" alt=\"\" width=\"300\" height=\"225\" srcset=\"https:\/\/blogsaverroes.juntadeandalucia.es\/ieslaureldelareina\/files\/2020\/01\/IMG_20200117_164641-300x225.jpg 300w, https:\/\/blogsaverroes.juntadeandalucia.es\/ieslaureldelareina\/files\/2020\/01\/IMG_20200117_164641-768x576.jpg 768w, https:\/\/blogsaverroes.juntadeandalucia.es\/ieslaureldelareina\/files\/2020\/01\/IMG_20200117_164641-1024x768.jpg 1024w, https:\/\/blogsaverroes.juntadeandalucia.es\/ieslaureldelareina\/files\/2020\/01\/IMG_20200117_164641-700x525.jpg 700w, https:\/\/blogsaverroes.juntadeandalucia.es\/ieslaureldelareina\/files\/2020\/01\/IMG_20200117_164641-24x18.jpg 24w, https:\/\/blogsaverroes.juntadeandalucia.es\/ieslaureldelareina\/files\/2020\/01\/IMG_20200117_164641-36x27.jpg 36w, https:\/\/blogsaverroes.juntadeandalucia.es\/ieslaureldelareina\/files\/2020\/01\/IMG_20200117_164641-48x36.jpg 48w, https:\/\/blogsaverroes.juntadeandalucia.es\/ieslaureldelareina\/files\/2020\/01\/IMG_20200117_164641.jpg 1600w\" sizes=\"(max-width: 300px) 100vw, 300px\" \/><\/a><\/p>\n<p>El profesorado del IES Laurel de la Reina ha realizado una recolecta de libros de texto, en colaboraci\u00f3n con C\u00c1RITAS La Zubia, para ayudar a la poblaci\u00f3n de Guinea Ecuatorial.<\/p>\n<div dir=\"auto\">\u00a1Muchas gracias por la colaboraci\u00f3n de todo el profesorado!&nbsp;<\/div>\n","protected":false},"excerpt":{"rendered":"<p>&#46;&#46;&#46;<\/p>\n","protected":false},"author":6756,"featured_media":4716,"comment_status":"closed","ping_status":"open","sticky":false,"template":"","format":"standard","meta":{"ngg_post_thumbnail":0,"footnotes":""},"categories":[3981],"tags":[],"aioseo_notices":[],"_links":{"self":[{"href":"https:\/\/blogsaverroes.juntadeandalucia.es\/ieslaureldelareina\/wp-json\/wp\/v2\/posts\/4715"}],"collection":[{"href":"https:\/\/blogsaverroes.juntadeandalucia.es\/ieslaureldelareina\/wp-json\/wp\/v2\/posts"}],"about":[{"href":"https:\/\/blogsaverroes.juntadeandalucia.es\/ieslaureldelareina\/wp-json\/wp\/v2\/types\/post"}],"author":[{"embeddable":true,"href":"https:\/\/blogsaverroes.juntadeandalucia.es\/ieslaureldelareina\/wp-json\/wp\/v2\/users\/6756"}],"replies":[{"embeddable":true,"href":"https:\/\/blogsaverroes.juntadeandalucia.es\/ieslaureldelareina\/wp-json\/wp\/v2\/comments?post=4715"}],"version-history":[{"count":2,"href":"https:\/\/blogsaverroes.juntadeandalucia.es\/ieslaureldelareina\/wp-json\/wp\/v2\/posts\/4715\/revisions"}],"predecessor-version":[{"id":4718,"href":"https:\/\/blogsaverroes.juntadeandalucia.es\/ieslaureldelareina\/wp-json\/wp\/v2\/posts\/4715\/revisions\/4718"}],"wp:featuredmedia":[{"embeddable":true,"href":"https:\/\/blogsaverroes.juntadeandalucia.es\/ieslaureldelareina\/wp-json\/wp\/v2\/media\/4716"}],"wp:attachment":[{"href":"https:\/\/blogsaverroes.juntadeandalucia.es\/ieslaureldelareina\/wp-json\/wp\/v2\/media?parent=4715"}],"wp:term":[{"taxonomy":"category","embeddable":true,"href":"https:\/\/blogsaverroes.juntadeandalucia.es\/ieslaureldelareina\/wp-json\/wp\/v2\/categories?post=4715"},{"taxonomy":"post_tag","embeddable":true,"href":"https:\/\/blogsaverroes.juntadeandalucia.es\/ieslaureldelareina\/wp-json\/wp\/v2\/tags?post=4715"}],"curies":[{"name":"wp","href":"https:\/\/api.w.org\/{rel}","templated":true}]}}