{"id":9350,"date":"2023-12-01T12:56:57","date_gmt":"2023-12-01T12:56:57","guid":{"rendered":"https:\/\/blogsaverroes.juntadeandalucia.es\/ieslaureldelareina\/?p=9350"},"modified":"2023-12-01T12:56:57","modified_gmt":"2023-12-01T12:56:57","slug":"simultanea-de-ajedrez","status":"publish","type":"post","link":"https:\/\/blogsaverroes.juntadeandalucia.es\/ieslaureldelareina\/simultanea-de-ajedrez\/","title":{"rendered":"Simult\u00e1nea de ajedrez"},"content":{"rendered":"<p><span style=\"font-weight: 400\">El jueves 30 de noviembre se celebr\u00f3 en la biblioteca del IES Laurel de la Reina una partida simult\u00e1nea de ajedrez entre la WFM Roxanny Matute, del club de ajedrez Villa de la Zubia, y alumnos del centro, dentro del programa de actividades previstas para la conmemoraci\u00f3n del 25 N, D\u00cdA&nbsp; INTERNACIONAL PARA LA ELIMINACI\u00d3N DE LA VIOLENCIA CONTRA LA MUJER, organizada por el programa de ajedrez del centro, el departamento de coeducaci\u00f3n y la citada escuela de ajedrez.<\/span><\/p>\n<p><span style=\"font-weight: 400\">Fueron tres horas intensas de ajedrez, con la participaci\u00f3n de unos cuarenta alumnos y varios profesores del centro. Roxanny demostr\u00f3 ser una verdadera campeona, pese a la dura oposici\u00f3n que mostraron los alumnos del centro. El objetivo de la actividad es fomentar el juego del ajedrez entre el alumnado del centro, el respeto al contrincante,&nbsp; y la participaci\u00f3n, y de paso, animar al alumnado femenino a adentrarse en el mundo del ajedrez.<\/span><\/p>\n<p><span style=\"font-weight: 400\">Asistieron representantes de igualdad del ayuntamiento de la Zubia y la diputaci\u00f3n de Granada, as\u00ed como alg\u00fan antiguo alumno. Seguimos jugando a ajedrez cada d\u00eda, en los recreos, como siempre. ANIMAOS A PARTICIPAR.<\/span><\/p>\n<p>&nbsp;<\/p>\n\n\t\t<style>\n\t\t\t#gallery-1 {\n\t\t\t\tmargin: auto;\n\t\t\t}\n\t\t\t#gallery-1 .gallery-item {\n\t\t\t\tfloat: left;\n\t\t\t\tmargin-top: 10px;\n\t\t\t\ttext-align: center;\n\t\t\t\twidth: 14%;\n\t\t\t}\n\t\t\t#gallery-1 img {\n\t\t\t\tborder: 2px solid #cfcfcf;\n\t\t\t}\n\t\t\t#gallery-1 .gallery-caption {\n\t\t\t\tmargin-left: 0;\n\t\t\t}\n\t\t\t\/* see gallery_shortcode() in wp-includes\/media.php *\/\n\t\t<\/style>\n\t\t<div id='gallery-1' class='gallery galleryid-9350 gallery-columns-7 gallery-size-thumbnail'><dl class='gallery-item'>\n\t\t\t<dt class='gallery-icon portrait'>\n\t\t\t\t<img loading=\"lazy\" decoding=\"async\" width=\"150\" height=\"150\" src=\"https:\/\/blogsaverroes.juntadeandalucia.es\/ieslaureldelareina\/files\/2023\/12\/20231130_111539-150x150.jpg\" class=\"attachment-thumbnail size-thumbnail\" alt=\"\" srcset=\"https:\/\/blogsaverroes.juntadeandalucia.es\/ieslaureldelareina\/files\/2023\/12\/20231130_111539-150x150.jpg 150w, https:\/\/blogsaverroes.juntadeandalucia.es\/ieslaureldelareina\/files\/2023\/12\/20231130_111539-80x80.jpg 80w, https:\/\/blogsaverroes.juntadeandalucia.es\/ieslaureldelareina\/files\/2023\/12\/20231130_111539-320x320.jpg 320w\" sizes=\"(max-width: 150px) 100vw, 150px\" \/>\n\t\t\t<\/dt><\/dl><dl class='gallery-item'>\n\t\t\t<dt class='gallery-icon landscape'>\n\t\t\t\t<img loading=\"lazy\" decoding=\"async\" width=\"150\" height=\"150\" src=\"https:\/\/blogsaverroes.juntadeandalucia.es\/ieslaureldelareina\/files\/2023\/12\/20231130_115852-150x150.jpg\" class=\"attachment-thumbnail size-thumbnail\" alt=\"\" srcset=\"https:\/\/blogsaverroes.juntadeandalucia.es\/ieslaureldelareina\/files\/2023\/12\/20231130_115852-150x150.jpg 150w, https:\/\/blogsaverroes.juntadeandalucia.es\/ieslaureldelareina\/files\/2023\/12\/20231130_115852-80x80.jpg 80w, https:\/\/blogsaverroes.juntadeandalucia.es\/ieslaureldelareina\/files\/2023\/12\/20231130_115852-320x320.jpg 320w\" sizes=\"(max-width: 150px) 100vw, 150px\" \/>\n\t\t\t<\/dt><\/dl><dl class='gallery-item'>\n\t\t\t<dt class='gallery-icon landscape'>\n\t\t\t\t<img loading=\"lazy\" decoding=\"async\" width=\"150\" height=\"150\" src=\"https:\/\/blogsaverroes.juntadeandalucia.es\/ieslaureldelareina\/files\/2023\/12\/20231130_121641-150x150.jpg\" class=\"attachment-thumbnail size-thumbnail\" alt=\"\" srcset=\"https:\/\/blogsaverroes.juntadeandalucia.es\/ieslaureldelareina\/files\/2023\/12\/20231130_121641-150x150.jpg 150w, https:\/\/blogsaverroes.juntadeandalucia.es\/ieslaureldelareina\/files\/2023\/12\/20231130_121641-80x80.jpg 80w, https:\/\/blogsaverroes.juntadeandalucia.es\/ieslaureldelareina\/files\/2023\/12\/20231130_121641-320x320.jpg 320w\" sizes=\"(max-width: 150px) 100vw, 150px\" \/>\n\t\t\t<\/dt><\/dl><dl class='gallery-item'>\n\t\t\t<dt class='gallery-icon portrait'>\n\t\t\t\t<img loading=\"lazy\" decoding=\"async\" width=\"150\" height=\"150\" src=\"https:\/\/blogsaverroes.juntadeandalucia.es\/ieslaureldelareina\/files\/2023\/12\/20231130_121646-150x150.jpg\" class=\"attachment-thumbnail size-thumbnail\" alt=\"\" srcset=\"https:\/\/blogsaverroes.juntadeandalucia.es\/ieslaureldelareina\/files\/2023\/12\/20231130_121646-150x150.jpg 150w, https:\/\/blogsaverroes.juntadeandalucia.es\/ieslaureldelareina\/files\/2023\/12\/20231130_121646-80x80.jpg 80w, https:\/\/blogsaverroes.juntadeandalucia.es\/ieslaureldelareina\/files\/2023\/12\/20231130_121646-320x320.jpg 320w\" sizes=\"(max-width: 150px) 100vw, 150px\" \/>\n\t\t\t<\/dt><\/dl><dl class='gallery-item'>\n\t\t\t<dt class='gallery-icon portrait'>\n\t\t\t\t<img loading=\"lazy\" decoding=\"async\" width=\"150\" height=\"150\" src=\"https:\/\/blogsaverroes.juntadeandalucia.es\/ieslaureldelareina\/files\/2023\/12\/20231130_121649-150x150.jpg\" class=\"attachment-thumbnail size-thumbnail\" alt=\"\" srcset=\"https:\/\/blogsaverroes.juntadeandalucia.es\/ieslaureldelareina\/files\/2023\/12\/20231130_121649-150x150.jpg 150w, https:\/\/blogsaverroes.juntadeandalucia.es\/ieslaureldelareina\/files\/2023\/12\/20231130_121649-80x80.jpg 80w, https:\/\/blogsaverroes.juntadeandalucia.es\/ieslaureldelareina\/files\/2023\/12\/20231130_121649-320x320.jpg 320w\" sizes=\"(max-width: 150px) 100vw, 150px\" \/>\n\t\t\t<\/dt><\/dl><dl class='gallery-item'>\n\t\t\t<dt class='gallery-icon portrait'>\n\t\t\t\t<img loading=\"lazy\" decoding=\"async\" width=\"150\" height=\"150\" src=\"https:\/\/blogsaverroes.juntadeandalucia.es\/ieslaureldelareina\/files\/2023\/12\/20231130_121833-150x150.jpg\" class=\"attachment-thumbnail size-thumbnail\" alt=\"\" srcset=\"https:\/\/blogsaverroes.juntadeandalucia.es\/ieslaureldelareina\/files\/2023\/12\/20231130_121833-150x150.jpg 150w, https:\/\/blogsaverroes.juntadeandalucia.es\/ieslaureldelareina\/files\/2023\/12\/20231130_121833-80x80.jpg 80w, https:\/\/blogsaverroes.juntadeandalucia.es\/ieslaureldelareina\/files\/2023\/12\/20231130_121833-320x320.jpg 320w\" sizes=\"(max-width: 150px) 100vw, 150px\" \/>\n\t\t\t<\/dt><\/dl><dl class='gallery-item'>\n\t\t\t<dt class='gallery-icon landscape'>\n\t\t\t\t<img loading=\"lazy\" decoding=\"async\" width=\"150\" height=\"150\" src=\"https:\/\/blogsaverroes.juntadeandalucia.es\/ieslaureldelareina\/files\/2023\/12\/20231130_131436-150x150.jpg\" class=\"attachment-thumbnail size-thumbnail\" alt=\"\" srcset=\"https:\/\/blogsaverroes.juntadeandalucia.es\/ieslaureldelareina\/files\/2023\/12\/20231130_131436-150x150.jpg 150w, https:\/\/blogsaverroes.juntadeandalucia.es\/ieslaureldelareina\/files\/2023\/12\/20231130_131436-80x80.jpg 80w, https:\/\/blogsaverroes.juntadeandalucia.es\/ieslaureldelareina\/files\/2023\/12\/20231130_131436-320x320.jpg 320w\" sizes=\"(max-width: 150px) 100vw, 150px\" \/>\n\t\t\t<\/dt><\/dl><br style=\"clear: both\" \/>\n\t\t<\/div>\n\n","protected":false},"excerpt":{"rendered":"<p>&#46;&#46;&#46;<\/p>\n","protected":false},"author":6756,"featured_media":9355,"comment_status":"closed","ping_status":"open","sticky":false,"template":"","format":"standard","meta":{"ngg_post_thumbnail":0,"footnotes":""},"categories":[65980,1967658],"tags":[],"aioseo_notices":[],"_links":{"self":[{"href":"https:\/\/blogsaverroes.juntadeandalucia.es\/ieslaureldelareina\/wp-json\/wp\/v2\/posts\/9350"}],"collection":[{"href":"https:\/\/blogsaverroes.juntadeandalucia.es\/ieslaureldelareina\/wp-json\/wp\/v2\/posts"}],"about":[{"href":"https:\/\/blogsaverroes.juntadeandalucia.es\/ieslaureldelareina\/wp-json\/wp\/v2\/types\/post"}],"author":[{"embeddable":true,"href":"https:\/\/blogsaverroes.juntadeandalucia.es\/ieslaureldelareina\/wp-json\/wp\/v2\/users\/6756"}],"replies":[{"embeddable":true,"href":"https:\/\/blogsaverroes.juntadeandalucia.es\/ieslaureldelareina\/wp-json\/wp\/v2\/comments?post=9350"}],"version-history":[{"count":1,"href":"https:\/\/blogsaverroes.juntadeandalucia.es\/ieslaureldelareina\/wp-json\/wp\/v2\/posts\/9350\/revisions"}],"predecessor-version":[{"id":9358,"href":"https:\/\/blogsaverroes.juntadeandalucia.es\/ieslaureldelareina\/wp-json\/wp\/v2\/posts\/9350\/revisions\/9358"}],"wp:featuredmedia":[{"embeddable":true,"href":"https:\/\/blogsaverroes.juntadeandalucia.es\/ieslaureldelareina\/wp-json\/wp\/v2\/media\/9355"}],"wp:attachment":[{"href":"https:\/\/blogsaverroes.juntadeandalucia.es\/ieslaureldelareina\/wp-json\/wp\/v2\/media?parent=9350"}],"wp:term":[{"taxonomy":"category","embeddable":true,"href":"https:\/\/blogsaverroes.juntadeandalucia.es\/ieslaureldelareina\/wp-json\/wp\/v2\/categories?post=9350"},{"taxonomy":"post_tag","embeddable":true,"href":"https:\/\/blogsaverroes.juntadeandalucia.es\/ieslaureldelareina\/wp-json\/wp\/v2\/tags?post=9350"}],"curies":[{"name":"wp","href":"https:\/\/api.w.org\/{rel}","templated":true}]}}