{"id":9365,"date":"2023-12-21T09:51:36","date_gmt":"2023-12-21T09:51:36","guid":{"rendered":"https:\/\/blogsaverroes.juntadeandalucia.es\/ieslaureldelareina\/?p=9365"},"modified":"2023-12-21T09:51:36","modified_gmt":"2023-12-21T09:51:36","slug":"hora-del-codigo","status":"publish","type":"post","link":"https:\/\/blogsaverroes.juntadeandalucia.es\/ieslaureldelareina\/hora-del-codigo\/","title":{"rendered":"Hora del C\u00f3digo"},"content":{"rendered":"<p>Durante la semana del 18 al 22 de diciembre el departamento de Tecnolog\u00eda e Inform\u00e1tica ha participado con sus alumnos en La hora del c\u00f3digo.<\/p>\n<p>\u00a1Muy buena experiencia, volveremos a repetir!<\/p>\n\n\t\t<style>\n\t\t\t#gallery-1 {\n\t\t\t\tmargin: auto;\n\t\t\t}\n\t\t\t#gallery-1 .gallery-item {\n\t\t\t\tfloat: left;\n\t\t\t\tmargin-top: 10px;\n\t\t\t\ttext-align: center;\n\t\t\t\twidth: 33%;\n\t\t\t}\n\t\t\t#gallery-1 img {\n\t\t\t\tborder: 2px solid #cfcfcf;\n\t\t\t}\n\t\t\t#gallery-1 .gallery-caption {\n\t\t\t\tmargin-left: 0;\n\t\t\t}\n\t\t\t\/* see gallery_shortcode() in wp-includes\/media.php *\/\n\t\t<\/style>\n\t\t<div id='gallery-1' class='gallery galleryid-9365 gallery-columns-3 gallery-size-thumbnail'><dl class='gallery-item'>\n\t\t\t<dt class='gallery-icon landscape'>\n\t\t\t\t<img loading=\"lazy\" decoding=\"async\" width=\"150\" height=\"150\" src=\"https:\/\/blogsaverroes.juntadeandalucia.es\/ieslaureldelareina\/files\/2023\/12\/WhatsApp-Image-2023-12-21-at-10.37.35-150x150.jpeg\" class=\"attachment-thumbnail size-thumbnail\" alt=\"\" srcset=\"https:\/\/blogsaverroes.juntadeandalucia.es\/ieslaureldelareina\/files\/2023\/12\/WhatsApp-Image-2023-12-21-at-10.37.35-150x150.jpeg 150w, https:\/\/blogsaverroes.juntadeandalucia.es\/ieslaureldelareina\/files\/2023\/12\/WhatsApp-Image-2023-12-21-at-10.37.35-80x80.jpeg 80w, https:\/\/blogsaverroes.juntadeandalucia.es\/ieslaureldelareina\/files\/2023\/12\/WhatsApp-Image-2023-12-21-at-10.37.35-320x320.jpeg 320w\" sizes=\"(max-width: 150px) 100vw, 150px\" \/>\n\t\t\t<\/dt><\/dl><dl class='gallery-item'>\n\t\t\t<dt class='gallery-icon landscape'>\n\t\t\t\t<img loading=\"lazy\" decoding=\"async\" width=\"150\" height=\"150\" src=\"https:\/\/blogsaverroes.juntadeandalucia.es\/ieslaureldelareina\/files\/2023\/12\/WhatsApp-Image-2023-12-21-at-10.39.36-150x150.jpeg\" class=\"attachment-thumbnail size-thumbnail\" alt=\"\" srcset=\"https:\/\/blogsaverroes.juntadeandalucia.es\/ieslaureldelareina\/files\/2023\/12\/WhatsApp-Image-2023-12-21-at-10.39.36-150x150.jpeg 150w, https:\/\/blogsaverroes.juntadeandalucia.es\/ieslaureldelareina\/files\/2023\/12\/WhatsApp-Image-2023-12-21-at-10.39.36-80x80.jpeg 80w, https:\/\/blogsaverroes.juntadeandalucia.es\/ieslaureldelareina\/files\/2023\/12\/WhatsApp-Image-2023-12-21-at-10.39.36-320x320.jpeg 320w\" sizes=\"(max-width: 150px) 100vw, 150px\" \/>\n\t\t\t<\/dt><\/dl><dl class='gallery-item'>\n\t\t\t<dt class='gallery-icon landscape'>\n\t\t\t\t<img loading=\"lazy\" decoding=\"async\" width=\"150\" height=\"150\" src=\"https:\/\/blogsaverroes.juntadeandalucia.es\/ieslaureldelareina\/files\/2023\/12\/WhatsApp-Image-2023-12-21-at-10.39.43-150x150.jpeg\" class=\"attachment-thumbnail size-thumbnail\" alt=\"\" srcset=\"https:\/\/blogsaverroes.juntadeandalucia.es\/ieslaureldelareina\/files\/2023\/12\/WhatsApp-Image-2023-12-21-at-10.39.43-150x150.jpeg 150w, https:\/\/blogsaverroes.juntadeandalucia.es\/ieslaureldelareina\/files\/2023\/12\/WhatsApp-Image-2023-12-21-at-10.39.43-80x80.jpeg 80w, https:\/\/blogsaverroes.juntadeandalucia.es\/ieslaureldelareina\/files\/2023\/12\/WhatsApp-Image-2023-12-21-at-10.39.43-320x320.jpeg 320w\" sizes=\"(max-width: 150px) 100vw, 150px\" \/>\n\t\t\t<\/dt><\/dl><br style=\"clear: both\" \/>\n\t\t<\/div>\n\n","protected":false},"excerpt":{"rendered":"<p>&#46;&#46;&#46;<\/p>\n","protected":false},"author":6756,"featured_media":9368,"comment_status":"closed","ping_status":"open","sticky":false,"template":"","format":"standard","meta":{"ngg_post_thumbnail":0,"footnotes":""},"categories":[1967675,1761],"tags":[],"aioseo_notices":[],"_links":{"self":[{"href":"https:\/\/blogsaverroes.juntadeandalucia.es\/ieslaureldelareina\/wp-json\/wp\/v2\/posts\/9365"}],"collection":[{"href":"https:\/\/blogsaverroes.juntadeandalucia.es\/ieslaureldelareina\/wp-json\/wp\/v2\/posts"}],"about":[{"href":"https:\/\/blogsaverroes.juntadeandalucia.es\/ieslaureldelareina\/wp-json\/wp\/v2\/types\/post"}],"author":[{"embeddable":true,"href":"https:\/\/blogsaverroes.juntadeandalucia.es\/ieslaureldelareina\/wp-json\/wp\/v2\/users\/6756"}],"replies":[{"embeddable":true,"href":"https:\/\/blogsaverroes.juntadeandalucia.es\/ieslaureldelareina\/wp-json\/wp\/v2\/comments?post=9365"}],"version-history":[{"count":1,"href":"https:\/\/blogsaverroes.juntadeandalucia.es\/ieslaureldelareina\/wp-json\/wp\/v2\/posts\/9365\/revisions"}],"predecessor-version":[{"id":9369,"href":"https:\/\/blogsaverroes.juntadeandalucia.es\/ieslaureldelareina\/wp-json\/wp\/v2\/posts\/9365\/revisions\/9369"}],"wp:featuredmedia":[{"embeddable":true,"href":"https:\/\/blogsaverroes.juntadeandalucia.es\/ieslaureldelareina\/wp-json\/wp\/v2\/media\/9368"}],"wp:attachment":[{"href":"https:\/\/blogsaverroes.juntadeandalucia.es\/ieslaureldelareina\/wp-json\/wp\/v2\/media?parent=9365"}],"wp:term":[{"taxonomy":"category","embeddable":true,"href":"https:\/\/blogsaverroes.juntadeandalucia.es\/ieslaureldelareina\/wp-json\/wp\/v2\/categories?post=9365"},{"taxonomy":"post_tag","embeddable":true,"href":"https:\/\/blogsaverroes.juntadeandalucia.es\/ieslaureldelareina\/wp-json\/wp\/v2\/tags?post=9365"}],"curies":[{"name":"wp","href":"https:\/\/api.w.org\/{rel}","templated":true}]}}