{"id":364,"date":"2025-07-07T08:15:12","date_gmt":"2025-07-07T06:15:12","guid":{"rendered":"http:\/\/blogsaverroes.juntadeandalucia.es\/pre\/nuevoceipv2\/?p=131"},"modified":"2025-07-08T08:07:31","modified_gmt":"2025-07-08T06:07:31","slug":"colabora-ampa","status":"publish","type":"post","link":"https:\/\/blogsaverroes.juntadeandalucia.es\/ieslbs\/colabora-ampa\/","title":{"rendered":"Colabora con nuestra AMPA"},"content":{"rendered":"<div style=\"max-width: 900px;margin: 20px auto;padding: 25px;border: 3px solid #3498db;border-radius: 12px;background: #eaf6fb\">\n<div style=\"text-align: center;margin-bottom: 20px\"><img fetchpriority=\"high\" decoding=\"async\" class=\"aligncenter size-medium wp-image-847\" src=\"https:\/\/blogsaverroes.juntadeandalucia.es\/ieslbs\/files\/2020\/01\/Captura-de-Pantalla-2025-07-06-a-las-13.11.21-232x300.jpg\" alt=\"\" width=\"232\" height=\"300\" srcset=\"https:\/\/blogsaverroes.juntadeandalucia.es\/ieslbs\/files\/2020\/01\/Captura-de-Pantalla-2025-07-06-a-las-13.11.21-232x300.jpg 232w, https:\/\/blogsaverroes.juntadeandalucia.es\/ieslbs\/files\/2020\/01\/Captura-de-Pantalla-2025-07-06-a-las-13.11.21.jpg 595w\" sizes=\"(max-width: 232px) 100vw, 232px\" \/><\/div>\n<h2 style=\"text-align: center;color: #2980b9\">\u00a1\u00danete al AMPA y colabora con el futuro de nuestro alumnado!<\/h2>\n<p style=\"font-size: 16px;line-height: 1.6;color: #2d3436\">El <strong>AMPA<\/strong> de nuestro centro es mucho m\u00e1s que una asociaci\u00f3n de madres y padres: es una pieza clave para mejorar la calidad educativa y el bienestar de todo el alumnado.<\/p>\n<h3 style=\"color: #2980b9\">\u00bfPor qu\u00e9 es importante tu colaboraci\u00f3n?<\/h3>\n<ul style=\"font-size: 16px;line-height: 1.6;color: #2d3436\">\n<li>\u2714\ufe0f Subvencionan <strong>talleres de gesti\u00f3n emocional y ansiedad<\/strong> impartidos por profesionales como psic\u00f3logos, para apoyar la salud mental de nuestros j\u00f3venes.<\/li>\n<li>\u2714\ufe0f Colaboran en la <strong>compra de material educativo<\/strong> como proyectores, microscopios y otros recursos para los talleres de ciencias y actividades.<\/li>\n<li>\u2714\ufe0f Organizan y apoyan eventos que fomentan la convivencia y el sentido de pertenencia.<\/li>\n<li>\u2714\ufe0f Adem\u00e1s, las familias inscritas reciben <strong>regalos y ventajas exclusivas<\/strong>.<\/li>\n<\/ul>\n<p style=\"font-size: 16px;line-height: 1.6;color: #2d3436\">Cuantas m\u00e1s familias formen parte del AMPA, m\u00e1s actividades, recursos y apoyo podr\u00e1 recibir nuestro alumnado.<\/p>\n<div style=\"text-align: center;margin-top: 25px\"><a style=\"background: #2980b9;color: white;padding: 12px 25px;border-radius: 8px;text-decoration: none;font-weight: bold;font-size: 16px\" href=\"URL_DEL_FORMULARIO_O_CONTACTO\">\u00a1Hazte socio\/a del AMPA ahora!<\/a><\/div>\n<\/div>\n","protected":false},"excerpt":{"rendered":"<p>\u00a1\u00danete al AMPA y colabora con el futuro de nuestro alumnado! El AMPA de nuestro centro es mucho m\u00e1s que una asociaci\u00f3n de madres y padres: es una pieza clave para mejorar la calidad educativa y el bienestar de todo el alumnado. \u00bfPor qu\u00e9 es importante tu colaboraci\u00f3n? \u2714\ufe0f Subvencionan talleres de gesti\u00f3n emocional y &hellip; <\/p>\n<p><a class=\"more-link btn\" href=\"https:\/\/blogsaverroes.juntadeandalucia.es\/ieslbs\/colabora-ampa\/\">Seguir leyendo<\/a><\/p>\n","protected":false},"author":1848,"featured_media":0,"comment_status":"open","ping_status":"open","sticky":false,"template":"","format":"standard","meta":{"ngg_post_thumbnail":0,"footnotes":""},"categories":[8,5],"tags":[],"aioseo_notices":[],"_links":{"self":[{"href":"https:\/\/blogsaverroes.juntadeandalucia.es\/ieslbs\/wp-json\/wp\/v2\/posts\/364"}],"collection":[{"href":"https:\/\/blogsaverroes.juntadeandalucia.es\/ieslbs\/wp-json\/wp\/v2\/posts"}],"about":[{"href":"https:\/\/blogsaverroes.juntadeandalucia.es\/ieslbs\/wp-json\/wp\/v2\/types\/post"}],"author":[{"embeddable":true,"href":"https:\/\/blogsaverroes.juntadeandalucia.es\/ieslbs\/wp-json\/wp\/v2\/users\/1848"}],"replies":[{"embeddable":true,"href":"https:\/\/blogsaverroes.juntadeandalucia.es\/ieslbs\/wp-json\/wp\/v2\/comments?post=364"}],"version-history":[{"count":4,"href":"https:\/\/blogsaverroes.juntadeandalucia.es\/ieslbs\/wp-json\/wp\/v2\/posts\/364\/revisions"}],"predecessor-version":[{"id":849,"href":"https:\/\/blogsaverroes.juntadeandalucia.es\/ieslbs\/wp-json\/wp\/v2\/posts\/364\/revisions\/849"}],"wp:attachment":[{"href":"https:\/\/blogsaverroes.juntadeandalucia.es\/ieslbs\/wp-json\/wp\/v2\/media?parent=364"}],"wp:term":[{"taxonomy":"category","embeddable":true,"href":"https:\/\/blogsaverroes.juntadeandalucia.es\/ieslbs\/wp-json\/wp\/v2\/categories?post=364"},{"taxonomy":"post_tag","embeddable":true,"href":"https:\/\/blogsaverroes.juntadeandalucia.es\/ieslbs\/wp-json\/wp\/v2\/tags?post=364"}],"curies":[{"name":"wp","href":"https:\/\/api.w.org\/{rel}","templated":true}]}}