{"id":367,"date":"2025-02-02T08:14:20","date_gmt":"2025-02-02T07:14:20","guid":{"rendered":"http:\/\/blogsaverroes.juntadeandalucia.es\/pre\/nuevoceipv2\/?p=338"},"modified":"2025-07-08T08:05:28","modified_gmt":"2025-07-08T06:05:28","slug":"dia-de-andalucia","status":"publish","type":"post","link":"https:\/\/blogsaverroes.juntadeandalucia.es\/ieslbs\/dia-de-andalucia\/","title":{"rendered":"Celebraci\u00f3n D\u00eda de Andaluc\u00eda"},"content":{"rendered":"<div style=\"max-width: 900px;margin: 20px auto;padding: 20px;border: 3px solid #2ecc71;border-radius: 10px;background: #e8f8f5\">\n<div style=\"text-align: center;margin-bottom: 20px\"><img fetchpriority=\"high\" decoding=\"async\" class=\"aligncenter size-medium wp-image-818\" src=\"https:\/\/blogsaverroes.juntadeandalucia.es\/ieslbs\/files\/2020\/02\/paint-300x188.png\" alt=\"\" width=\"300\" height=\"188\" srcset=\"https:\/\/blogsaverroes.juntadeandalucia.es\/ieslbs\/files\/2020\/02\/paint-300x188.png 300w, https:\/\/blogsaverroes.juntadeandalucia.es\/ieslbs\/files\/2020\/02\/paint-1024x640.png 1024w, https:\/\/blogsaverroes.juntadeandalucia.es\/ieslbs\/files\/2020\/02\/paint-768x480.png 768w, https:\/\/blogsaverroes.juntadeandalucia.es\/ieslbs\/files\/2020\/02\/paint-1536x960.png 1536w, https:\/\/blogsaverroes.juntadeandalucia.es\/ieslbs\/files\/2020\/02\/paint-2048x1280.png 2048w, https:\/\/blogsaverroes.juntadeandalucia.es\/ieslbs\/files\/2020\/02\/paint-750x469.png 750w\" sizes=\"(max-width: 300px) 100vw, 300px\" \/><\/div>\n<h2 style=\"text-align: center;color: #27ae60\">Celebraci\u00f3n del D\u00eda de Andaluc\u00eda<\/h2>\n<p style=\"font-size: 16px;line-height: 1.6;color: #2d3436\">En el <strong>IES Luis Barahona de Soto<\/strong>&nbsp;hemos celebrado un a\u00f1o m\u00e1s el <strong>D\u00eda de Andaluc\u00eda<\/strong>, una jornada llena de tradici\u00f3n, convivencia y orgullo andaluz.<\/p>\n<p style=\"font-size: 16px;line-height: 1.6;color: #2d3436\">Queremos agradecer al <strong>AMPA<\/strong>, al <strong>Ayuntamiento<\/strong> y a la <strong>Cooperativa de Aceite<\/strong> por su colaboraci\u00f3n, gracias a la cual nuestro alumnado ha podido disfrutar de un delicioso <strong>mollete con aceite de oliva virgen extra<\/strong> acompa\u00f1ado de un <strong>vaso de chocolate caliente<\/strong>.<\/p>\n<p style=\"font-size: 16px;line-height: 1.6;color: #2d3436\">Estos peque\u00f1os gestos fortalecen el v\u00ednculo entre las familias, el centro educativo y las instituciones de nuestro municipio, y nos ayudan a seguir transmitiendo los valores de nuestra tierra.<\/p>\n<h3 style=\"text-align: center;color: #27ae60;margin-top: 30px\">Galer\u00eda de Fotos<\/h3>\n<div style=\"flex-wrap: wrap;justify-content: center;gap: 15px;margin-top: 20px\">&nbsp;<\/div>\n<\/div>\n","protected":false},"excerpt":{"rendered":"<p>Celebraci\u00f3n del D\u00eda de Andaluc\u00eda En el IES Luis Barahona de Soto&nbsp;hemos celebrado un a\u00f1o m\u00e1s el D\u00eda de Andaluc\u00eda, una jornada llena de tradici\u00f3n, convivencia y orgullo andaluz. Queremos agradecer al AMPA, al Ayuntamiento y a la Cooperativa de Aceite por su colaboraci\u00f3n, gracias a la cual nuestro alumnado ha podido disfrutar de un &hellip; <\/p>\n<p><a class=\"more-link btn\" href=\"https:\/\/blogsaverroes.juntadeandalucia.es\/ieslbs\/dia-de-andalucia\/\">Seguir leyendo<\/a><\/p>\n","protected":false},"author":1848,"featured_media":0,"comment_status":"open","ping_status":"open","sticky":false,"template":"","format":"standard","meta":{"ngg_post_thumbnail":0,"footnotes":""},"categories":[14,9],"tags":[],"aioseo_notices":[],"_links":{"self":[{"href":"https:\/\/blogsaverroes.juntadeandalucia.es\/ieslbs\/wp-json\/wp\/v2\/posts\/367"}],"collection":[{"href":"https:\/\/blogsaverroes.juntadeandalucia.es\/ieslbs\/wp-json\/wp\/v2\/posts"}],"about":[{"href":"https:\/\/blogsaverroes.juntadeandalucia.es\/ieslbs\/wp-json\/wp\/v2\/types\/post"}],"author":[{"embeddable":true,"href":"https:\/\/blogsaverroes.juntadeandalucia.es\/ieslbs\/wp-json\/wp\/v2\/users\/1848"}],"replies":[{"embeddable":true,"href":"https:\/\/blogsaverroes.juntadeandalucia.es\/ieslbs\/wp-json\/wp\/v2\/comments?post=367"}],"version-history":[{"count":5,"href":"https:\/\/blogsaverroes.juntadeandalucia.es\/ieslbs\/wp-json\/wp\/v2\/posts\/367\/revisions"}],"predecessor-version":[{"id":821,"href":"https:\/\/blogsaverroes.juntadeandalucia.es\/ieslbs\/wp-json\/wp\/v2\/posts\/367\/revisions\/821"}],"wp:attachment":[{"href":"https:\/\/blogsaverroes.juntadeandalucia.es\/ieslbs\/wp-json\/wp\/v2\/media?parent=367"}],"wp:term":[{"taxonomy":"category","embeddable":true,"href":"https:\/\/blogsaverroes.juntadeandalucia.es\/ieslbs\/wp-json\/wp\/v2\/categories?post=367"},{"taxonomy":"post_tag","embeddable":true,"href":"https:\/\/blogsaverroes.juntadeandalucia.es\/ieslbs\/wp-json\/wp\/v2\/tags?post=367"}],"curies":[{"name":"wp","href":"https:\/\/api.w.org\/{rel}","templated":true}]}}