{"id":369,"date":"2024-09-16T08:15:41","date_gmt":"2024-09-16T06:15:41","guid":{"rendered":"http:\/\/blogsaverroes.juntadeandalucia.es\/pre\/nuevoceipv2\/?p=344"},"modified":"2025-07-08T08:08:33","modified_gmt":"2025-07-08T06:08:33","slug":"pacto_de_estado","status":"publish","type":"post","link":"https:\/\/blogsaverroes.juntadeandalucia.es\/ieslbs\/pacto_de_estado\/","title":{"rendered":"Pacto de Estado"},"content":{"rendered":"<div style=\"max-width: 800px;margin: 20px auto;padding: 20px;border: 2px solid #8e44ad;border-radius: 10px;background: #f9f9f9\">\n<div style=\"text-align: center;margin-bottom: 20px\"><img fetchpriority=\"high\" decoding=\"async\" class=\"wp-image-590 aligncenter\" src=\"https:\/\/blogsaverroes.juntadeandalucia.es\/ieslbs\/files\/2025\/07\/logo_pacto_estado.png\" alt=\"\" width=\"555\" height=\"393\"><\/div>\n<h2 style=\"text-align: center;color: #8e44ad\">Pacto de Estado contra la Violencia de G\u00e9nero<\/h2>\n<p style=\"font-size: 16px;line-height: 1.6;color: #333\">El <strong>Pacto de Estado contra la Violencia de G\u00e9nero<\/strong> es un acuerdo alcanzado entre las fuerzas pol\u00edticas, las administraciones p\u00fablicas y la sociedad civil con el objetivo de combatir y erradicar la violencia de g\u00e9nero en todas sus formas.<\/p>\n<p style=\"font-size: 16px;line-height: 1.6;color: #333\">Este Pacto implica el compromiso de todas las instituciones para garantizar la protecci\u00f3n de las v\u00edctimas, la prevenci\u00f3n, la educaci\u00f3n en igualdad y la sensibilizaci\u00f3n de la sociedad. Supone la implementaci\u00f3n de medidas concretas en los \u00e1mbitos educativo, social, judicial y sanitario, entre otros.<\/p>\n<p style=\"font-size: 16px;line-height: 1.6;color: #333\">Desde nuestro centro educativo, trabajamos activamente en la promoci\u00f3n de la igualdad real entre hombres y mujeres, fomentando el respeto, la tolerancia y la convivencia pac\u00edfica entre toda la comunidad educativa.<\/p>\n<p style=\"font-size: 16px;line-height: 1.6;color: #333\">La educaci\u00f3n en igualdad es la base para construir una sociedad libre de violencia de g\u00e9nero.<\/p>\n<\/div>\n","protected":false},"excerpt":{"rendered":"<p>Pacto de Estado contra la Violencia de G\u00e9nero El Pacto de Estado contra la Violencia de G\u00e9nero es un acuerdo alcanzado entre las fuerzas pol\u00edticas, las administraciones p\u00fablicas y la sociedad civil con el objetivo de combatir y erradicar la violencia de g\u00e9nero en todas sus formas. Este Pacto implica el compromiso de todas las &hellip; <\/p>\n<p><a class=\"more-link btn\" href=\"https:\/\/blogsaverroes.juntadeandalucia.es\/ieslbs\/pacto_de_estado\/\">Seguir leyendo<\/a><\/p>\n","protected":false},"author":1848,"featured_media":0,"comment_status":"open","ping_status":"open","sticky":false,"template":"","format":"standard","meta":{"ngg_post_thumbnail":0,"footnotes":""},"categories":[12,5],"tags":[],"aioseo_notices":[],"_links":{"self":[{"href":"https:\/\/blogsaverroes.juntadeandalucia.es\/ieslbs\/wp-json\/wp\/v2\/posts\/369"}],"collection":[{"href":"https:\/\/blogsaverroes.juntadeandalucia.es\/ieslbs\/wp-json\/wp\/v2\/posts"}],"about":[{"href":"https:\/\/blogsaverroes.juntadeandalucia.es\/ieslbs\/wp-json\/wp\/v2\/types\/post"}],"author":[{"embeddable":true,"href":"https:\/\/blogsaverroes.juntadeandalucia.es\/ieslbs\/wp-json\/wp\/v2\/users\/1848"}],"replies":[{"embeddable":true,"href":"https:\/\/blogsaverroes.juntadeandalucia.es\/ieslbs\/wp-json\/wp\/v2\/comments?post=369"}],"version-history":[{"count":9,"href":"https:\/\/blogsaverroes.juntadeandalucia.es\/ieslbs\/wp-json\/wp\/v2\/posts\/369\/revisions"}],"predecessor-version":[{"id":852,"href":"https:\/\/blogsaverroes.juntadeandalucia.es\/ieslbs\/wp-json\/wp\/v2\/posts\/369\/revisions\/852"}],"wp:attachment":[{"href":"https:\/\/blogsaverroes.juntadeandalucia.es\/ieslbs\/wp-json\/wp\/v2\/media?parent=369"}],"wp:term":[{"taxonomy":"category","embeddable":true,"href":"https:\/\/blogsaverroes.juntadeandalucia.es\/ieslbs\/wp-json\/wp\/v2\/categories?post=369"},{"taxonomy":"post_tag","embeddable":true,"href":"https:\/\/blogsaverroes.juntadeandalucia.es\/ieslbs\/wp-json\/wp\/v2\/tags?post=369"}],"curies":[{"name":"wp","href":"https:\/\/api.w.org\/{rel}","templated":true}]}}