{"id":2907,"date":"2019-01-30T12:34:18","date_gmt":"2019-01-30T12:34:18","guid":{"rendered":"http:\/\/blogsaverroes.juntadeandalucia.es\/iesllano\/?p=2907"},"modified":"2019-01-30T12:48:00","modified_gmt":"2019-01-30T12:48:00","slug":"women-in-stem","status":"publish","type":"post","link":"https:\/\/blogsaverroes.juntadeandalucia.es\/iesllano\/women-in-stem\/","title":{"rendered":"Women in STEM"},"content":{"rendered":"<p>Actividad dise\u00f1ada en conmemoraci\u00f3n del <strong>D\u00eda Internacional de la Mujer y la Ni\u00f1a en la Ciencia (11 de febrero)<\/strong> y el <strong>D\u00eda Internacional de la Mujer Trabajadora (8 de marzo)<\/strong>.<\/p>\n<p>En el documento siguiente tienes informaci\u00f3n sobre la actividad denominada <em>\u00abF\u00e1brica de mu\u00f1ecas\u00bb<\/em><br \/>\n[googleapps domain=\u00bbdrive\u00bb dir=\u00bbfile\/d\/1dq6_jgAFo5lopUs0CQ9yWzQX2cWwvivE\/preview\u00bb query=\u00bb\u00bb width=\u00bb640&#8243; height=\u00bb480&#8243; \/]\n<p>El siguiente documento, al que se hace referencia en la presentaci\u00f3n que viene despu\u00e9s, es un listado de mujeres cient\u00edficas que han participado o influido en conflictos b\u00e9licos.<br \/>\n[googleapps domain=\u00bbdrive\u00bb dir=\u00bbfile\/d\/1aqbtdcgjZK_3PYax8xQzcCe3OywzaPFz\/preview\u00bb query=\u00bb\u00bb width=\u00bb640&#8243; height=\u00bb480&#8243; \/]\n&nbsp;<\/p>\n<p><em>RECURSOS<\/em><\/p>\n<p>Aqu\u00ed tienes todos los enlaces que hacen falta para la actividad:<\/p>\n<ul>\n<li>Presentaci\u00f3n:&nbsp;<a href=\"https:\/\/view.genial.ly\/5c4a3c60a9e79373d7e28d01\/women-in-stem\" target=\"_blank\" rel=\"noopener\">Women in STEM<\/a><\/li>\n<li><a href=\"https:\/\/11defebrero.org\/\" target=\"_blank\" rel=\"noopener\">11 de Febrero<\/a><\/li>\n<li><a href=\"https:\/\/mujeresconciencia.com\/2019\/01\/01\/la-tabla-periodica-de-las-cientificas\/\" target=\"_blank\" rel=\"noopener\">La Tabla Peri\u00f3dica de las Cient\u00edficas<\/a><\/li>\n<li><a href=\"https:\/\/mujeresconciencia.com\/categoria\/vidas-cientificas\/\" target=\"_blank\" rel=\"noopener\">Vida de Cient\u00edficas<\/a><\/li>\n<li><a href=\"https:\/\/mujeresconciencia.com\/2016\/11\/17\/las-mujeres-la-luna\/\" target=\"_blank\" rel=\"noopener\">Las Mujeres de la Luna<\/a><\/li>\n<li><a href=\"https:\/\/drive.google.com\/file\/d\/1dq6_jgAFo5lopUs0CQ9yWzQX2cWwvivE\/view\" target=\"_blank\" rel=\"noopener\">F\u00e1brica de mu\u00f1ecas (descargar PDF)<\/a><\/li>\n<li><a href=\"https:\/\/drive.google.com\/file\/d\/1aqbtdcgjZK_3PYax8xQzcCe3OywzaPFz\/view\" target=\"_blank\" rel=\"noopener\">Listado de muejres cient\u00edficas en conflictos b\u00e9licos (descargar PDF)<\/a><\/li>\n<\/ul>\n<p>Por \u00faltimo, puedes visualizar una presentaci\u00f3n con toda la informaci\u00f3n que necesitas para realizar la actividad:<\/p>\n<div id=\"genially-animated-5c4a3dabdf77c83a90379474\" class=\"\">&nbsp;Si no puedes verla correctamente, puedes usar este enlace: <a href=\"https:\/\/view.genial.ly\/5c4a3c60a9e79373d7e28d01\/women-in-stem\" target=\"_blank\" rel=\"noopener\">Women in STEM<\/a><\/div>\n<div id=\"genially-animated-5c4a3dabdf77c83a90379475\" class=\"\">\n<div>&nbsp;<\/div>\n<\/div>\n<div style=\"width: 100%\">\n<div style=\"padding-bottom: 56.25%;padding-top: 0;height: 0\"><iframe loading=\"lazy\" src=\"https:\/\/view.genial.ly\/5c4a3c60a9e79373d7e28d01\" width=\"1200px\" height=\"675px\" frameborder=\"0\" scrolling=\"yes\"><\/iframe><\/div>\n<\/div>\n","protected":false},"excerpt":{"rendered":"<p>Actividad dise\u00f1ada en conmemoraci\u00f3n del D\u00eda Internacional de la Mujer y la Ni\u00f1a en la Ciencia (11 de febrero) y el D\u00eda Internacional de la Mujer Trabajadora (8 de marzo). En el documento siguiente tienes informaci\u00f3n sobre la actividad denominada \u00abF\u00e1brica de mu\u00f1ecas\u00bb [googleapps domain=\u00bbdrive\u00bb dir=\u00bbfile\/d\/1dq6_jgAFo5lopUs0CQ9yWzQX2cWwvivE\/preview\u00bb query=\u00bb\u00bb width=\u00bb640&#8243; height=\u00bb480&#8243; \/] El siguiente documento, al que [&hellip;]<\/p>\n","protected":false},"author":4185,"featured_media":0,"comment_status":"open","ping_status":"open","sticky":false,"template":"","format":"standard","meta":{"ngg_post_thumbnail":0,"footnotes":""},"categories":[5991,3253],"tags":[3253,330988],"aioseo_notices":[],"_links":{"self":[{"href":"https:\/\/blogsaverroes.juntadeandalucia.es\/iesllano\/wp-json\/wp\/v2\/posts\/2907"}],"collection":[{"href":"https:\/\/blogsaverroes.juntadeandalucia.es\/iesllano\/wp-json\/wp\/v2\/posts"}],"about":[{"href":"https:\/\/blogsaverroes.juntadeandalucia.es\/iesllano\/wp-json\/wp\/v2\/types\/post"}],"author":[{"embeddable":true,"href":"https:\/\/blogsaverroes.juntadeandalucia.es\/iesllano\/wp-json\/wp\/v2\/users\/4185"}],"replies":[{"embeddable":true,"href":"https:\/\/blogsaverroes.juntadeandalucia.es\/iesllano\/wp-json\/wp\/v2\/comments?post=2907"}],"version-history":[{"count":12,"href":"https:\/\/blogsaverroes.juntadeandalucia.es\/iesllano\/wp-json\/wp\/v2\/posts\/2907\/revisions"}],"predecessor-version":[{"id":2920,"href":"https:\/\/blogsaverroes.juntadeandalucia.es\/iesllano\/wp-json\/wp\/v2\/posts\/2907\/revisions\/2920"}],"wp:attachment":[{"href":"https:\/\/blogsaverroes.juntadeandalucia.es\/iesllano\/wp-json\/wp\/v2\/media?parent=2907"}],"wp:term":[{"taxonomy":"category","embeddable":true,"href":"https:\/\/blogsaverroes.juntadeandalucia.es\/iesllano\/wp-json\/wp\/v2\/categories?post=2907"},{"taxonomy":"post_tag","embeddable":true,"href":"https:\/\/blogsaverroes.juntadeandalucia.es\/iesllano\/wp-json\/wp\/v2\/tags?post=2907"}],"curies":[{"name":"wp","href":"https:\/\/api.w.org\/{rel}","templated":true}]}}