{"id":3145,"date":"2020-03-22T10:10:32","date_gmt":"2020-03-22T10:10:32","guid":{"rendered":"http:\/\/blogsaverroes.juntadeandalucia.es\/iesllano\/?p=3145"},"modified":"2020-03-22T10:10:32","modified_gmt":"2020-03-22T10:10:32","slug":"como-usar-google-classroom-desde-el-movil","status":"publish","type":"post","link":"https:\/\/blogsaverroes.juntadeandalucia.es\/iesllano\/como-usar-google-classroom-desde-el-movil\/","title":{"rendered":"C\u00f3mo usar Google Classroom desde el m\u00f3vil"},"content":{"rendered":"<p>En el siguiente archivo se explica el uso de Google Classroom desde el m\u00f3vil. En este caso se centra exclusivamente en Google Classroom. Dando por supuesto que ya se tiene la cuenta y se puede acceder.<\/p>\n<p>&nbsp;<\/p>\n<p>&nbsp;<br \/>\n[googleapps domain=\u00bbdrive\u00bb dir=\u00bbfile\/d\/1YsugQwT9mXxu5Y2lnoyMpjVkrjpDot91\/preview\u00bb query=\u00bb\u00bb width=\u00bb640&#8243; height=\u00bb480&#8243; \/]\n","protected":false},"excerpt":{"rendered":"<p>En el siguiente archivo se explica el uso de Google Classroom desde el m\u00f3vil. En este caso se centra exclusivamente en Google Classroom. Dando por supuesto que ya se tiene la cuenta y se puede acceder. &nbsp; &nbsp; [googleapps domain=\u00bbdrive\u00bb dir=\u00bbfile\/d\/1YsugQwT9mXxu5Y2lnoyMpjVkrjpDot91\/preview\u00bb query=\u00bb\u00bb width=\u00bb640&#8243; height=\u00bb480&#8243; \/]<\/p>\n","protected":false},"author":4185,"featured_media":0,"comment_status":"open","ping_status":"open","sticky":false,"template":"","format":"standard","meta":{"ngg_post_thumbnail":0,"footnotes":""},"categories":[1696,964487,1761],"tags":[1737646,1737645,57],"aioseo_notices":[],"_links":{"self":[{"href":"https:\/\/blogsaverroes.juntadeandalucia.es\/iesllano\/wp-json\/wp\/v2\/posts\/3145"}],"collection":[{"href":"https:\/\/blogsaverroes.juntadeandalucia.es\/iesllano\/wp-json\/wp\/v2\/posts"}],"about":[{"href":"https:\/\/blogsaverroes.juntadeandalucia.es\/iesllano\/wp-json\/wp\/v2\/types\/post"}],"author":[{"embeddable":true,"href":"https:\/\/blogsaverroes.juntadeandalucia.es\/iesllano\/wp-json\/wp\/v2\/users\/4185"}],"replies":[{"embeddable":true,"href":"https:\/\/blogsaverroes.juntadeandalucia.es\/iesllano\/wp-json\/wp\/v2\/comments?post=3145"}],"version-history":[{"count":1,"href":"https:\/\/blogsaverroes.juntadeandalucia.es\/iesllano\/wp-json\/wp\/v2\/posts\/3145\/revisions"}],"predecessor-version":[{"id":3146,"href":"https:\/\/blogsaverroes.juntadeandalucia.es\/iesllano\/wp-json\/wp\/v2\/posts\/3145\/revisions\/3146"}],"wp:attachment":[{"href":"https:\/\/blogsaverroes.juntadeandalucia.es\/iesllano\/wp-json\/wp\/v2\/media?parent=3145"}],"wp:term":[{"taxonomy":"category","embeddable":true,"href":"https:\/\/blogsaverroes.juntadeandalucia.es\/iesllano\/wp-json\/wp\/v2\/categories?post=3145"},{"taxonomy":"post_tag","embeddable":true,"href":"https:\/\/blogsaverroes.juntadeandalucia.es\/iesllano\/wp-json\/wp\/v2\/tags?post=3145"}],"curies":[{"name":"wp","href":"https:\/\/api.w.org\/{rel}","templated":true}]}}