{"id":3195,"date":"2020-06-09T09:59:38","date_gmt":"2020-06-09T09:59:38","guid":{"rendered":"http:\/\/blogsaverroes.juntadeandalucia.es\/iesllano\/?p=3195"},"modified":"2020-06-09T12:45:51","modified_gmt":"2020-06-09T12:45:51","slug":"matriculacion-2020-2021","status":"publish","type":"post","link":"https:\/\/blogsaverroes.juntadeandalucia.es\/iesllano\/matriculacion-2020-2021\/","title":{"rendered":"Matriculaci\u00f3n 2020-2021"},"content":{"rendered":"<h3>Ya se puede reservar fecha para realizar la matr\u00edcula para el curso 2020\/2021.<br \/>\nLes recordamos que tiene que realizar la matr\u00edcula todo el alumnado que viene del colegio, as\u00ed como los que ya est\u00e1n en el instituto. En caso de no conocer en el momento de realizar la matr\u00edcula el curso al que se va a acceder, por estar pendientes del resultado de las pruebas de septiembre, se har\u00e1 una matr\u00edcula condicional.<br \/>\n<strong><span style=\"color: #0000ff\">Para pedir cita pueden llamar al tel\u00e9fono: 671 535 845<\/span><\/strong><\/h3>\n<h3><span style=\"color: #0000ff\"><strong>(De 9:30 a 13:30 Horas)<\/strong><\/span><br \/>\n<span style=\"color: #008000\"><strong>En las mismas fechas de la matr\u00edcula se entregar\u00e1n los libros del curso pasado (los de las asignaturas que no tengan que recuperar en Septiembre).<\/strong><\/span><br \/>\n<span style=\"color: #008000\"><strong>Se llevar\u00e1n en una bolsa cerrada y se depositar\u00e1n en el aula de idiomas.<\/strong><\/span><br \/>\n<span style=\"color: #ff0000\"><strong>Recuerden llevar bol\u00edgrafo propio y no olviden que la mascarilla es obligatoria al tratarse de un lugar cerrado.<\/strong><\/span><\/h3>\n","protected":false},"excerpt":{"rendered":"<p>Ya se puede reservar fecha para realizar la matr\u00edcula para el curso 2020\/2021. Les recordamos que tiene que realizar la matr\u00edcula todo el alumnado que viene del colegio, as\u00ed como los que ya est\u00e1n en el instituto. En caso de no conocer en el momento de realizar la matr\u00edcula el curso al que se va [&hellip;]<\/p>\n","protected":false},"author":4185,"featured_media":0,"comment_status":"open","ping_status":"open","sticky":false,"template":"","format":"standard","meta":{"ngg_post_thumbnail":0,"footnotes":""},"categories":[965],"tags":[1737671,1737660,1737661],"aioseo_notices":[],"_links":{"self":[{"href":"https:\/\/blogsaverroes.juntadeandalucia.es\/iesllano\/wp-json\/wp\/v2\/posts\/3195"}],"collection":[{"href":"https:\/\/blogsaverroes.juntadeandalucia.es\/iesllano\/wp-json\/wp\/v2\/posts"}],"about":[{"href":"https:\/\/blogsaverroes.juntadeandalucia.es\/iesllano\/wp-json\/wp\/v2\/types\/post"}],"author":[{"embeddable":true,"href":"https:\/\/blogsaverroes.juntadeandalucia.es\/iesllano\/wp-json\/wp\/v2\/users\/4185"}],"replies":[{"embeddable":true,"href":"https:\/\/blogsaverroes.juntadeandalucia.es\/iesllano\/wp-json\/wp\/v2\/comments?post=3195"}],"version-history":[{"count":5,"href":"https:\/\/blogsaverroes.juntadeandalucia.es\/iesllano\/wp-json\/wp\/v2\/posts\/3195\/revisions"}],"predecessor-version":[{"id":3215,"href":"https:\/\/blogsaverroes.juntadeandalucia.es\/iesllano\/wp-json\/wp\/v2\/posts\/3195\/revisions\/3215"}],"wp:attachment":[{"href":"https:\/\/blogsaverroes.juntadeandalucia.es\/iesllano\/wp-json\/wp\/v2\/media?parent=3195"}],"wp:term":[{"taxonomy":"category","embeddable":true,"href":"https:\/\/blogsaverroes.juntadeandalucia.es\/iesllano\/wp-json\/wp\/v2\/categories?post=3195"},{"taxonomy":"post_tag","embeddable":true,"href":"https:\/\/blogsaverroes.juntadeandalucia.es\/iesllano\/wp-json\/wp\/v2\/tags?post=3195"}],"curies":[{"name":"wp","href":"https:\/\/api.w.org\/{rel}","templated":true}]}}