{"id":3747,"date":"2023-01-19T19:39:57","date_gmt":"2023-01-19T19:39:57","guid":{"rendered":"http:\/\/blogsaverroes.juntadeandalucia.es\/iesllano\/?p=3747"},"modified":"2023-01-19T19:39:57","modified_gmt":"2023-01-19T19:39:57","slug":"dia-del-flamenco","status":"publish","type":"post","link":"https:\/\/blogsaverroes.juntadeandalucia.es\/iesllano\/dia-del-flamenco\/","title":{"rendered":"D\u00cdA DEL FLAMENCO"},"content":{"rendered":"<p>El pasado 16 de Noviembre, celebramos el d\u00eda del flamenco. Nuestro alumnado desde tutor\u00eda eligieron a su artista flamenco a trav\u00e9s de una votaci\u00f3n. Posteriormente desde el \u00e1rea de Lengua Castellana realizaron una busqueda de informaci\u00f3n sobre su biograf\u00eda, la cual posteriormente la plasmaron en diferentes soportes: papel, digital, etc.<\/p>\n<p>A continuaci\u00f3n desde el \u00e1rea de Geograf\u00eda e Historia, elaboraron una l\u00ednea del tiempo, con sus obras y actuaciones m\u00e1s destacadas. A su misma vez, en el \u00e1rea de M\u00fasica estudiaron algunos palos flamencos como: m\u00fasica, toque y baile.<\/p>\n<p>Desde el \u00e1rea de Educaci\u00f3n Art\u00edstica y desde la tutor\u00eda dise\u00f1aron como producto final una puerta con su artista flamenco.<\/p>\n<p>\u00a1As\u00ed de bonitas quedaron!<\/p>\n<div style=\"width: 1080px;\" class=\"wp-video\"><!--[if lt IE 9]><script>document.createElement('video');<\/script><![endif]-->\n<video class=\"wp-video-shortcode\" id=\"video-3747-1\" width=\"1080\" height=\"1920\" preload=\"metadata\" controls=\"controls\"><source type=\"video\/mp4\" src=\"https:\/\/blogsaverroes.juntadeandalucia.es\/iesllano\/files\/2023\/01\/Sin-t\u00edtulo-\u2011-Made-with-FlexClip-1.mp4?_=1\" \/><a href=\"https:\/\/blogsaverroes.juntadeandalucia.es\/iesllano\/files\/2023\/01\/Sin-t\u00edtulo-\u2011-Made-with-FlexClip-1.mp4\">https:\/\/blogsaverroes.juntadeandalucia.es\/iesllano\/files\/2023\/01\/Sin-t\u00edtulo-\u2011-Made-with-FlexClip-1.mp4<\/a><\/video><\/div>\n","protected":false},"excerpt":{"rendered":"<p>El pasado 16 de Noviembre, celebramos el d\u00eda del flamenco. Nuestro alumnado desde tutor\u00eda eligieron a su artista flamenco a trav\u00e9s de una votaci\u00f3n. Posteriormente desde el \u00e1rea de Lengua Castellana realizaron una busqueda de informaci\u00f3n sobre su biograf\u00eda, la cual posteriormente la plasmaron en diferentes soportes: papel, digital, etc. A continuaci\u00f3n desde el \u00e1rea [&hellip;]<\/p>\n","protected":false},"author":16557,"featured_media":0,"comment_status":"open","ping_status":"open","sticky":false,"template":"","format":"standard","meta":{"ngg_post_thumbnail":0,"footnotes":""},"categories":[964475,526],"tags":[],"aioseo_notices":[],"_links":{"self":[{"href":"https:\/\/blogsaverroes.juntadeandalucia.es\/iesllano\/wp-json\/wp\/v2\/posts\/3747"}],"collection":[{"href":"https:\/\/blogsaverroes.juntadeandalucia.es\/iesllano\/wp-json\/wp\/v2\/posts"}],"about":[{"href":"https:\/\/blogsaverroes.juntadeandalucia.es\/iesllano\/wp-json\/wp\/v2\/types\/post"}],"author":[{"embeddable":true,"href":"https:\/\/blogsaverroes.juntadeandalucia.es\/iesllano\/wp-json\/wp\/v2\/users\/16557"}],"replies":[{"embeddable":true,"href":"https:\/\/blogsaverroes.juntadeandalucia.es\/iesllano\/wp-json\/wp\/v2\/comments?post=3747"}],"version-history":[{"count":1,"href":"https:\/\/blogsaverroes.juntadeandalucia.es\/iesllano\/wp-json\/wp\/v2\/posts\/3747\/revisions"}],"predecessor-version":[{"id":3752,"href":"https:\/\/blogsaverroes.juntadeandalucia.es\/iesllano\/wp-json\/wp\/v2\/posts\/3747\/revisions\/3752"}],"wp:attachment":[{"href":"https:\/\/blogsaverroes.juntadeandalucia.es\/iesllano\/wp-json\/wp\/v2\/media?parent=3747"}],"wp:term":[{"taxonomy":"category","embeddable":true,"href":"https:\/\/blogsaverroes.juntadeandalucia.es\/iesllano\/wp-json\/wp\/v2\/categories?post=3747"},{"taxonomy":"post_tag","embeddable":true,"href":"https:\/\/blogsaverroes.juntadeandalucia.es\/iesllano\/wp-json\/wp\/v2\/tags?post=3747"}],"curies":[{"name":"wp","href":"https:\/\/api.w.org\/{rel}","templated":true}]}}