{"id":3864,"date":"2023-03-12T11:25:58","date_gmt":"2023-03-12T11:25:58","guid":{"rendered":"http:\/\/blogsaverroes.juntadeandalucia.es\/iesllano\/?p=3864"},"modified":"2023-03-12T11:25:58","modified_gmt":"2023-03-12T11:25:58","slug":"dia-de-andalucia-2","status":"publish","type":"post","link":"https:\/\/blogsaverroes.juntadeandalucia.es\/iesllano\/dia-de-andalucia-2\/","title":{"rendered":"D\u00eda de Andaluc\u00eda"},"content":{"rendered":"<p>El pasado 28 de febrero fue el D\u00eda de Andaluc\u00eda.<\/p>\n<p>En nuestro IES se distribuy\u00f3 una provincia andaluza a cada tutor\u00eda.<\/p>\n<p>La tutor\u00eda de 3\u00ba A fue la encargada de buscar y plasmar en cartulinas diferentes aspectos de la provincia de Almer\u00eda: gastronom\u00eda, monumentos, fauna y flora, mapa de Amer\u00eda con los pueblos m\u00e1s representativos, leyendas&#8230;<\/p>\n<p>Finalmente, en la biblioteca del Centro se expusieron todos los trabajos de las diferentes tutor\u00edas, \u00a1quedando un lugar muy andaluz!<\/p>\n<figure id=\"attachment_3865\" aria-describedby=\"caption-attachment-3865\" style=\"width: 225px\" class=\"wp-caption aligncenter\"><a href=\"https:\/\/blogsaverroes.juntadeandalucia.es\/iesllano\/files\/2023\/03\/Almeria-3\u00ba-A.jpeg\" rel=\"prettyPhoto[3864]\"><img loading=\"lazy\" decoding=\"async\" class=\"wp-image-3865 size-medium\" src=\"https:\/\/blogsaverroes.juntadeandalucia.es\/iesllano\/files\/2023\/03\/Almeria-3\u00ba-A-225x300.jpeg\" alt=\"\" width=\"225\" height=\"300\" srcset=\"https:\/\/blogsaverroes.juntadeandalucia.es\/iesllano\/files\/2023\/03\/Almeria-3\u00ba-A-225x300.jpeg 225w, https:\/\/blogsaverroes.juntadeandalucia.es\/iesllano\/files\/2023\/03\/Almeria-3\u00ba-A-768x1024.jpeg 768w, https:\/\/blogsaverroes.juntadeandalucia.es\/iesllano\/files\/2023\/03\/Almeria-3\u00ba-A-1152x1536.jpeg 1152w, https:\/\/blogsaverroes.juntadeandalucia.es\/iesllano\/files\/2023\/03\/Almeria-3\u00ba-A.jpeg 1200w\" sizes=\"(max-width: 225px) 100vw, 225px\" \/><\/a><figcaption id=\"caption-attachment-3865\" class=\"wp-caption-text\">Diferentes aspectos de la provincia de Almer\u00eda<\/figcaption><\/figure>\n","protected":false},"excerpt":{"rendered":"<p>El pasado 28 de febrero fue el D\u00eda de Andaluc\u00eda. En nuestro IES se distribuy\u00f3 una provincia andaluza a cada tutor\u00eda. La tutor\u00eda de 3\u00ba A fue la encargada de buscar y plasmar en cartulinas diferentes aspectos de la provincia de Almer\u00eda: gastronom\u00eda, monumentos, fauna y flora, mapa de Amer\u00eda con los pueblos m\u00e1s representativos, [&hellip;]<\/p>\n","protected":false},"author":16555,"featured_media":0,"comment_status":"open","ping_status":"open","sticky":false,"template":"","format":"standard","meta":{"ngg_post_thumbnail":0,"footnotes":""},"categories":[11909],"tags":[],"aioseo_notices":[],"_links":{"self":[{"href":"https:\/\/blogsaverroes.juntadeandalucia.es\/iesllano\/wp-json\/wp\/v2\/posts\/3864"}],"collection":[{"href":"https:\/\/blogsaverroes.juntadeandalucia.es\/iesllano\/wp-json\/wp\/v2\/posts"}],"about":[{"href":"https:\/\/blogsaverroes.juntadeandalucia.es\/iesllano\/wp-json\/wp\/v2\/types\/post"}],"author":[{"embeddable":true,"href":"https:\/\/blogsaverroes.juntadeandalucia.es\/iesllano\/wp-json\/wp\/v2\/users\/16555"}],"replies":[{"embeddable":true,"href":"https:\/\/blogsaverroes.juntadeandalucia.es\/iesllano\/wp-json\/wp\/v2\/comments?post=3864"}],"version-history":[{"count":1,"href":"https:\/\/blogsaverroes.juntadeandalucia.es\/iesllano\/wp-json\/wp\/v2\/posts\/3864\/revisions"}],"predecessor-version":[{"id":3866,"href":"https:\/\/blogsaverroes.juntadeandalucia.es\/iesllano\/wp-json\/wp\/v2\/posts\/3864\/revisions\/3866"}],"wp:attachment":[{"href":"https:\/\/blogsaverroes.juntadeandalucia.es\/iesllano\/wp-json\/wp\/v2\/media?parent=3864"}],"wp:term":[{"taxonomy":"category","embeddable":true,"href":"https:\/\/blogsaverroes.juntadeandalucia.es\/iesllano\/wp-json\/wp\/v2\/categories?post=3864"},{"taxonomy":"post_tag","embeddable":true,"href":"https:\/\/blogsaverroes.juntadeandalucia.es\/iesllano\/wp-json\/wp\/v2\/tags?post=3864"}],"curies":[{"name":"wp","href":"https:\/\/api.w.org\/{rel}","templated":true}]}}