{"id":3971,"date":"2023-05-11T08:43:38","date_gmt":"2023-05-11T08:43:38","guid":{"rendered":"http:\/\/blogsaverroes.juntadeandalucia.es\/iesllano\/?p=3971"},"modified":"2023-05-11T08:55:21","modified_gmt":"2023-05-11T08:55:21","slug":"categoria-buenas-practicas","status":"publish","type":"post","link":"https:\/\/blogsaverroes.juntadeandalucia.es\/iesllano\/categoria-buenas-practicas\/","title":{"rendered":"Categor\u00eda -Buenas Pr\u00e1cticas-"},"content":{"rendered":"<p align=\"CENTER\"><span style=\"color: #0066cc\"><span style=\"font-family: Calibri, sans-serif\"><span style=\"font-size: x-large\">NUEVA CATEGOR\u00cdA \u201cBUENAS PR\u00c1CTICAS\u201d<\/span><\/span><\/span><\/p>\n<p><span style=\"font-family: Calibri, sans-serif\"><span style=\"font-size: large\">Se ha creado en el men\u00fa de la web del centro un nuevo apartado donde poder publicar rese\u00f1as de actividades para conocimiento de la comunidad educativa.<\/span><\/span><\/p>\n<p><span style=\"font-family: Calibri, sans-serif\"><span style=\"font-size: large\">Est\u00e1 ubicada en <span style=\"color: #0066cc\">Inicio \u2192 Buenas Pr\u00e1cticas<\/span><\/span><\/span><a href=\"https:\/\/blogsaverroes.juntadeandalucia.es\/iesllano\/files\/2023\/05\/Menu-Buenas-Practicas.png\" rel=\"prettyPhoto[3971]\"><img loading=\"lazy\" decoding=\"async\" class=\"aligncenter wp-image-3972 size-full\" src=\"https:\/\/blogsaverroes.juntadeandalucia.es\/iesllano\/files\/2023\/05\/Menu-Buenas-Practicas.png\" alt=\"\" width=\"657\" height=\"286\" srcset=\"https:\/\/blogsaverroes.juntadeandalucia.es\/iesllano\/files\/2023\/05\/Menu-Buenas-Practicas.png 657w, https:\/\/blogsaverroes.juntadeandalucia.es\/iesllano\/files\/2023\/05\/Menu-Buenas-Practicas-300x131.png 300w\" sizes=\"(max-width: 657px) 100vw, 657px\" \/><\/a><\/p>\n<p>&nbsp;<\/p>\n<p><span style=\"font-family: Calibri, sans-serif\"><span style=\"font-size: large\"> Quien quiera publicar entradas a las que se acceda a trav\u00e9s de este men\u00fa, en el momento de Publicar la entrada deber\u00e1 marcar en el apartado de \u201c<i>Categor\u00edas<\/i>\u201d la correspondiente a \u201c<i>Buenas Pr\u00e1cticas<\/i>\u201d. Se puede marcar m\u00e1s de una categor\u00eda si se desea.<\/span><\/span><\/p>\n<p><a href=\"https:\/\/blogsaverroes.juntadeandalucia.es\/iesllano\/files\/2023\/05\/Categoria-Buenas-Practicas.png\" rel=\"prettyPhoto[3971]\"><img loading=\"lazy\" decoding=\"async\" class=\"aligncenter wp-image-3973 size-full\" src=\"https:\/\/blogsaverroes.juntadeandalucia.es\/iesllano\/files\/2023\/05\/Categoria-Buenas-Practicas.png\" alt=\"\" width=\"846\" height=\"561\" srcset=\"https:\/\/blogsaverroes.juntadeandalucia.es\/iesllano\/files\/2023\/05\/Categoria-Buenas-Practicas.png 846w, https:\/\/blogsaverroes.juntadeandalucia.es\/iesllano\/files\/2023\/05\/Categoria-Buenas-Practicas-300x199.png 300w, https:\/\/blogsaverroes.juntadeandalucia.es\/iesllano\/files\/2023\/05\/Categoria-Buenas-Practicas-768x509.png 768w\" sizes=\"(max-width: 846px) 100vw, 846px\" \/><\/a><\/p>\n","protected":false},"excerpt":{"rendered":"<p>NUEVA CATEGOR\u00cdA \u201cBUENAS PR\u00c1CTICAS\u201d Se ha creado en el men\u00fa de la web del centro un nuevo apartado donde poder publicar rese\u00f1as de actividades para conocimiento de la comunidad educativa. Est\u00e1 ubicada en Inicio \u2192 Buenas Pr\u00e1cticas &nbsp; Quien quiera publicar entradas a las que se acceda a trav\u00e9s de este men\u00fa, en el momento [&hellip;]<\/p>\n","protected":false},"author":4306,"featured_media":0,"comment_status":"open","ping_status":"open","sticky":false,"template":"","format":"standard","meta":{"ngg_post_thumbnail":0,"footnotes":""},"categories":[1737776],"tags":[1737777,1737769,1737654,1737684],"aioseo_notices":[],"_links":{"self":[{"href":"https:\/\/blogsaverroes.juntadeandalucia.es\/iesllano\/wp-json\/wp\/v2\/posts\/3971"}],"collection":[{"href":"https:\/\/blogsaverroes.juntadeandalucia.es\/iesllano\/wp-json\/wp\/v2\/posts"}],"about":[{"href":"https:\/\/blogsaverroes.juntadeandalucia.es\/iesllano\/wp-json\/wp\/v2\/types\/post"}],"author":[{"embeddable":true,"href":"https:\/\/blogsaverroes.juntadeandalucia.es\/iesllano\/wp-json\/wp\/v2\/users\/4306"}],"replies":[{"embeddable":true,"href":"https:\/\/blogsaverroes.juntadeandalucia.es\/iesllano\/wp-json\/wp\/v2\/comments?post=3971"}],"version-history":[{"count":3,"href":"https:\/\/blogsaverroes.juntadeandalucia.es\/iesllano\/wp-json\/wp\/v2\/posts\/3971\/revisions"}],"predecessor-version":[{"id":3976,"href":"https:\/\/blogsaverroes.juntadeandalucia.es\/iesllano\/wp-json\/wp\/v2\/posts\/3971\/revisions\/3976"}],"wp:attachment":[{"href":"https:\/\/blogsaverroes.juntadeandalucia.es\/iesllano\/wp-json\/wp\/v2\/media?parent=3971"}],"wp:term":[{"taxonomy":"category","embeddable":true,"href":"https:\/\/blogsaverroes.juntadeandalucia.es\/iesllano\/wp-json\/wp\/v2\/categories?post=3971"},{"taxonomy":"post_tag","embeddable":true,"href":"https:\/\/blogsaverroes.juntadeandalucia.es\/iesllano\/wp-json\/wp\/v2\/tags?post=3971"}],"curies":[{"name":"wp","href":"https:\/\/api.w.org\/{rel}","templated":true}]}}