{"id":3981,"date":"2023-05-25T20:25:25","date_gmt":"2023-05-25T20:25:25","guid":{"rendered":"http:\/\/blogsaverroes.juntadeandalucia.es\/iesllano\/?p=3981"},"modified":"2023-05-25T20:30:13","modified_gmt":"2023-05-25T20:30:13","slug":"guia-sobre-el-uso-responsable-de-equipos","status":"publish","type":"post","link":"https:\/\/blogsaverroes.juntadeandalucia.es\/iesllano\/guia-sobre-el-uso-responsable-de-equipos\/","title":{"rendered":"Gu\u00eda sobre el uso responsable de equipos"},"content":{"rendered":"<p>Como parte del Plan #TDE se ha preparado una gu\u00eda sobre el uso responsable de equipos, ampliando y adaptando una existente. En la propia gu\u00eda se incluyen enlaces a la reserva de port\u00e1tiles, a un cuestionario de incidencias TIC y al listado de port\u00e1tiles y su estado.<br \/>\nSi tienes problemas de visualizaci\u00f3n, accede a partir de este enlace:<br \/>\n<a href=\"https:\/\/view.genial.ly\/646deb8faf3a1100185a68a7\/interactive-content-guia-sobre-el-uso-responsable-de-equipos-y-dispositivos\" target=\"_blank\" rel=\"noopener noreferrer\">Gu\u00eda de uso responsable de dispositivos<\/a><\/p>\n<div style=\"width: 100%\">\n<div style=\"padding-bottom: 56.25%;padding-top: 0px;height: 0px;text-align: center\">\n<div style=\"width: 100%\">\n<div style=\"padding-bottom: 56.25%;padding-top: 0;height: 0\"><iframe loading=\"lazy\" src=\"https:\/\/view.genial.ly\/646deb8faf3a1100185a68a7\" width=\"1200px\" height=\"675px\" frameborder=\"0\" scrolling=\"yes\"><\/iframe><\/div>\n<\/div>\n<\/div>\n<\/div>\n","protected":false},"excerpt":{"rendered":"<p>Como parte del Plan #TDE se ha preparado una gu\u00eda sobre el uso responsable de equipos, ampliando y adaptando una existente. En la propia gu\u00eda se incluyen enlaces a la reserva de port\u00e1tiles, a un cuestionario de incidencias TIC y al listado de port\u00e1tiles y su estado. Si tienes problemas de visualizaci\u00f3n, accede a partir [&hellip;]<\/p>\n","protected":false},"author":4306,"featured_media":0,"comment_status":"open","ping_status":"open","sticky":false,"template":"","format":"standard","meta":{"ngg_post_thumbnail":0,"footnotes":""},"categories":[1737748,964487],"tags":[1737780,1737778,1737779,1737684],"aioseo_notices":[],"_links":{"self":[{"href":"https:\/\/blogsaverroes.juntadeandalucia.es\/iesllano\/wp-json\/wp\/v2\/posts\/3981"}],"collection":[{"href":"https:\/\/blogsaverroes.juntadeandalucia.es\/iesllano\/wp-json\/wp\/v2\/posts"}],"about":[{"href":"https:\/\/blogsaverroes.juntadeandalucia.es\/iesllano\/wp-json\/wp\/v2\/types\/post"}],"author":[{"embeddable":true,"href":"https:\/\/blogsaverroes.juntadeandalucia.es\/iesllano\/wp-json\/wp\/v2\/users\/4306"}],"replies":[{"embeddable":true,"href":"https:\/\/blogsaverroes.juntadeandalucia.es\/iesllano\/wp-json\/wp\/v2\/comments?post=3981"}],"version-history":[{"count":5,"href":"https:\/\/blogsaverroes.juntadeandalucia.es\/iesllano\/wp-json\/wp\/v2\/posts\/3981\/revisions"}],"predecessor-version":[{"id":3986,"href":"https:\/\/blogsaverroes.juntadeandalucia.es\/iesllano\/wp-json\/wp\/v2\/posts\/3981\/revisions\/3986"}],"wp:attachment":[{"href":"https:\/\/blogsaverroes.juntadeandalucia.es\/iesllano\/wp-json\/wp\/v2\/media?parent=3981"}],"wp:term":[{"taxonomy":"category","embeddable":true,"href":"https:\/\/blogsaverroes.juntadeandalucia.es\/iesllano\/wp-json\/wp\/v2\/categories?post=3981"},{"taxonomy":"post_tag","embeddable":true,"href":"https:\/\/blogsaverroes.juntadeandalucia.es\/iesllano\/wp-json\/wp\/v2\/tags?post=3981"}],"curies":[{"name":"wp","href":"https:\/\/api.w.org\/{rel}","templated":true}]}}