{"id":4181,"date":"2024-01-26T07:31:42","date_gmt":"2024-01-26T07:31:42","guid":{"rendered":"http:\/\/blogsaverroes.juntadeandalucia.es\/iesllano\/?p=4181"},"modified":"2024-01-26T07:31:42","modified_gmt":"2024-01-26T07:31:42","slug":"orlas","status":"publish","type":"post","link":"https:\/\/blogsaverroes.juntadeandalucia.es\/iesllano\/orlas\/","title":{"rendered":"Orlas"},"content":{"rendered":"<p>Y lleg\u00f3 el d\u00eda. Hoy, 26 de enero, el alumnado de 4\u00ba ESO est\u00e1 citado para hacerse la foto de la orla de su promoci\u00f3n. Camisa blanca y corbata negra. Comienza el camino de la graduaci\u00f3n.<\/p>\n","protected":false},"excerpt":{"rendered":"<p>Y lleg\u00f3 el d\u00eda. Hoy, 26 de enero, el alumnado de 4\u00ba ESO est\u00e1 citado para hacerse la foto de la orla de su promoci\u00f3n. Camisa blanca y corbata negra. Comienza el camino de la graduaci\u00f3n.<\/p>\n","protected":false},"author":16555,"featured_media":0,"comment_status":"open","ping_status":"open","sticky":false,"template":"","format":"standard","meta":{"ngg_post_thumbnail":0,"footnotes":""},"categories":[11909],"tags":[],"aioseo_notices":[],"_links":{"self":[{"href":"https:\/\/blogsaverroes.juntadeandalucia.es\/iesllano\/wp-json\/wp\/v2\/posts\/4181"}],"collection":[{"href":"https:\/\/blogsaverroes.juntadeandalucia.es\/iesllano\/wp-json\/wp\/v2\/posts"}],"about":[{"href":"https:\/\/blogsaverroes.juntadeandalucia.es\/iesllano\/wp-json\/wp\/v2\/types\/post"}],"author":[{"embeddable":true,"href":"https:\/\/blogsaverroes.juntadeandalucia.es\/iesllano\/wp-json\/wp\/v2\/users\/16555"}],"replies":[{"embeddable":true,"href":"https:\/\/blogsaverroes.juntadeandalucia.es\/iesllano\/wp-json\/wp\/v2\/comments?post=4181"}],"version-history":[{"count":1,"href":"https:\/\/blogsaverroes.juntadeandalucia.es\/iesllano\/wp-json\/wp\/v2\/posts\/4181\/revisions"}],"predecessor-version":[{"id":4182,"href":"https:\/\/blogsaverroes.juntadeandalucia.es\/iesllano\/wp-json\/wp\/v2\/posts\/4181\/revisions\/4182"}],"wp:attachment":[{"href":"https:\/\/blogsaverroes.juntadeandalucia.es\/iesllano\/wp-json\/wp\/v2\/media?parent=4181"}],"wp:term":[{"taxonomy":"category","embeddable":true,"href":"https:\/\/blogsaverroes.juntadeandalucia.es\/iesllano\/wp-json\/wp\/v2\/categories?post=4181"},{"taxonomy":"post_tag","embeddable":true,"href":"https:\/\/blogsaverroes.juntadeandalucia.es\/iesllano\/wp-json\/wp\/v2\/tags?post=4181"}],"curies":[{"name":"wp","href":"https:\/\/api.w.org\/{rel}","templated":true}]}}