{"id":4563,"date":"2025-05-08T18:40:27","date_gmt":"2025-05-08T18:40:27","guid":{"rendered":"https:\/\/blogsaverroes.juntadeandalucia.es\/iesllano\/?p=4563"},"modified":"2025-05-11T12:53:26","modified_gmt":"2025-05-11T12:53:26","slug":"mateschef-rea-matematicas","status":"publish","type":"post","link":"https:\/\/blogsaverroes.juntadeandalucia.es\/iesllano\/mateschef-rea-matematicas\/","title":{"rendered":"MatesChef (REA Matem\u00e1ticas)"},"content":{"rendered":"<p><a href=\"https:\/\/blogsaverroes.juntadeandalucia.es\/iesllano\/files\/2025\/05\/SdA-Mateschef.png\" rel=\"prettyPhoto[4563]\" target=\"_blank\" rel=\"https:\/\/procomun.intef.es\/ode\/view\/es_2024033112_9121045 noopener\"><img loading=\"lazy\" decoding=\"async\" class=\"aligncenter wp-image-4569 size-full\" src=\"https:\/\/blogsaverroes.juntadeandalucia.es\/iesllano\/files\/2025\/05\/SdA-Mateschef.png\" alt=\"\" width=\"1024\" height=\"768\" srcset=\"https:\/\/blogsaverroes.juntadeandalucia.es\/iesllano\/files\/2025\/05\/SdA-Mateschef.png 1024w, https:\/\/blogsaverroes.juntadeandalucia.es\/iesllano\/files\/2025\/05\/SdA-Mateschef-300x225.png 300w, https:\/\/blogsaverroes.juntadeandalucia.es\/iesllano\/files\/2025\/05\/SdA-Mateschef-768x576.png 768w\" sizes=\"(max-width: 1024px) 100vw, 1024px\" \/><\/a><\/p>\n<p>Las matem\u00e1ticas se encuentran en muchas situaciones de nuestra vida cotidiana, un claro ejemplo de ello es en la realizaci\u00f3n de las recetas. Un REA que se propone para trabajar con los alumnos en la asignatura de matem\u00e1ticas es \u00abMateschef\u00bb para los alumnos y alumnas de 1\u00ba de ESO.<\/p>\n<p>Se trata de una situaci\u00f3n de aprendizaje que se divide en 5 sesiones de clase en las que se trabajar\u00e1 una receta saludable, que los alumnos deber\u00e1n elegir y trabajar\u00e1n con ella averiguando los ingredientes necesarios para distinto n\u00famero de comensales. De esta forma trabajar\u00e1n n\u00fameros decimales y proporcionalidad.<\/p>\n<p>Adem\u00e1s deber\u00e1n elaborar los presupuestos de las distintas cantidades de las recetas buscando los precios a trav\u00e9s de Internet.<\/p>\n<p>Como producto final deber\u00e1n elaborar un video con la elaboraci\u00f3n de la receta y un presentaci\u00f3n en Canva, para explicar en clase, al resto de sus compa\u00f1eros\/as, la realizaci\u00f3n de dicho trabajo.<\/p>\n<p>Adem\u00e1s pueden traer a clase el resultado de su receta y compartir su elaboraci\u00f3n con el resto de sus compa\u00f1eros\/as.<\/p>\n<p>Enlace al REA: <a href=\"https:\/\/procomun.intef.es\/ode\/view\/es_2024033112_9121045\" target=\"_blank\" rel=\"noopener\">https:\/\/procomun.intef.es\/ode\/view\/es_2024033112_9121045<\/a><\/p>\n","protected":false},"excerpt":{"rendered":"<p>Las matem\u00e1ticas se encuentran en muchas situaciones de nuestra vida cotidiana, un claro ejemplo de ello es en la realizaci\u00f3n de las recetas. Un REA que se propone para trabajar con los alumnos en la asignatura de matem\u00e1ticas es \u00abMateschef\u00bb para los alumnos y alumnas de 1\u00ba de ESO. Se trata de una situaci\u00f3n de [&hellip;]<\/p>\n","protected":false},"author":20983,"featured_media":4567,"comment_status":"open","ping_status":"open","sticky":false,"template":"","format":"aside","meta":{"ngg_post_thumbnail":0,"footnotes":""},"categories":[1737748,1737827],"tags":[1737772,1737817,1737684],"aioseo_notices":[],"_links":{"self":[{"href":"https:\/\/blogsaverroes.juntadeandalucia.es\/iesllano\/wp-json\/wp\/v2\/posts\/4563"}],"collection":[{"href":"https:\/\/blogsaverroes.juntadeandalucia.es\/iesllano\/wp-json\/wp\/v2\/posts"}],"about":[{"href":"https:\/\/blogsaverroes.juntadeandalucia.es\/iesllano\/wp-json\/wp\/v2\/types\/post"}],"author":[{"embeddable":true,"href":"https:\/\/blogsaverroes.juntadeandalucia.es\/iesllano\/wp-json\/wp\/v2\/users\/20983"}],"replies":[{"embeddable":true,"href":"https:\/\/blogsaverroes.juntadeandalucia.es\/iesllano\/wp-json\/wp\/v2\/comments?post=4563"}],"version-history":[{"count":41,"href":"https:\/\/blogsaverroes.juntadeandalucia.es\/iesllano\/wp-json\/wp\/v2\/posts\/4563\/revisions"}],"predecessor-version":[{"id":4607,"href":"https:\/\/blogsaverroes.juntadeandalucia.es\/iesllano\/wp-json\/wp\/v2\/posts\/4563\/revisions\/4607"}],"wp:featuredmedia":[{"embeddable":true,"href":"https:\/\/blogsaverroes.juntadeandalucia.es\/iesllano\/wp-json\/wp\/v2\/media\/4567"}],"wp:attachment":[{"href":"https:\/\/blogsaverroes.juntadeandalucia.es\/iesllano\/wp-json\/wp\/v2\/media?parent=4563"}],"wp:term":[{"taxonomy":"category","embeddable":true,"href":"https:\/\/blogsaverroes.juntadeandalucia.es\/iesllano\/wp-json\/wp\/v2\/categories?post=4563"},{"taxonomy":"post_tag","embeddable":true,"href":"https:\/\/blogsaverroes.juntadeandalucia.es\/iesllano\/wp-json\/wp\/v2\/tags?post=4563"}],"curies":[{"name":"wp","href":"https:\/\/api.w.org\/{rel}","templated":true}]}}