{"id":4654,"date":"2025-06-09T14:58:06","date_gmt":"2025-06-09T14:58:06","guid":{"rendered":"https:\/\/blogsaverroes.juntadeandalucia.es\/iesllano\/?p=4654"},"modified":"2025-06-11T09:43:56","modified_gmt":"2025-06-11T09:43:56","slug":"lo-as-alumno-as-mediadores-de-conflictos-de-3o-de-eso-conmemoran-el-dia-contra-la-lgtbi-fobia","status":"publish","type":"post","link":"https:\/\/blogsaverroes.juntadeandalucia.es\/iesllano\/lo-as-alumno-as-mediadores-de-conflictos-de-3o-de-eso-conmemoran-el-dia-contra-la-lgtbi-fobia\/","title":{"rendered":"LO\/AS ALUMNO\/AS MEDIADORES DE CONFLICTOS DE 3\u00ba DE ESO conmemoran el D\u00cdA contra la LGTBI FOBIA"},"content":{"rendered":"<p>Con motivo del D\u00eda Internacional Contra la LGTBI FOBIA, celebrado el pasado 17 de mayo, el alumnado mediador de conflicto de 3\u00ba de ESO llev\u00f3 a cabo un taller de sensibilizaci\u00f3n en diferentes cursos.<\/p>\n<p>La finalidad de esta actividad fue profundizar en el conocimiento sobre la diversidad sexual diferenciando nuestro sexo biol\u00f3gico, identidad sexual, orientaci\u00f3n del deseo y la expresi\u00f3n de g\u00e9nero.<\/p>\n<p>Para comenzar, se propuso una din\u00e1mica de ideas previas que permiti\u00f3 detectar qu\u00e9 conocimientos iniciales ten\u00edan sobre el tema expuesto. Posteriormente, aclararon conceptos clave, se revisaron momentos importantes de la historia del colectivo LGTBI y qu\u00e9 logros y desaf\u00edos se han conseguido a lo largo del tiempo.<\/p>\n<p>Nuestro lema fue claro: \u00ab!LUCHEMOS POR EL AMOR Y LA DIVERSIDAD!\u00bb<\/p>\n<p><a href=\"https:\/\/blogsaverroes.juntadeandalucia.es\/iesllano\/files\/2025\/06\/WhatsApp-Image-2025-06-04-at-12.41.18.jpeg\" rel=\"prettyPhoto[4654]\"><img loading=\"lazy\" decoding=\"async\" class=\"alignnone size-medium wp-image-4683\" src=\"https:\/\/blogsaverroes.juntadeandalucia.es\/iesllano\/files\/2025\/06\/WhatsApp-Image-2025-06-04-at-12.41.18-120x300.jpeg\" alt=\"\" width=\"120\" height=\"300\" srcset=\"https:\/\/blogsaverroes.juntadeandalucia.es\/iesllano\/files\/2025\/06\/WhatsApp-Image-2025-06-04-at-12.41.18-120x300.jpeg 120w, https:\/\/blogsaverroes.juntadeandalucia.es\/iesllano\/files\/2025\/06\/WhatsApp-Image-2025-06-04-at-12.41.18-410x1024.jpeg 410w, https:\/\/blogsaverroes.juntadeandalucia.es\/iesllano\/files\/2025\/06\/WhatsApp-Image-2025-06-04-at-12.41.18-614x1536.jpeg 614w, https:\/\/blogsaverroes.juntadeandalucia.es\/iesllano\/files\/2025\/06\/WhatsApp-Image-2025-06-04-at-12.41.18.jpeg 640w\" sizes=\"(max-width: 120px) 100vw, 120px\" \/><\/a><\/p>\n<p><a href=\"https:\/\/blogsaverroes.juntadeandalucia.es\/iesllano\/files\/2025\/06\/WhatsApp-Image-2025-05-29-at-14.23.30-1.jpeg\" rel=\"prettyPhoto[4654]\"><img loading=\"lazy\" decoding=\"async\" class=\"alignnone size-medium wp-image-4675\" src=\"https:\/\/blogsaverroes.juntadeandalucia.es\/iesllano\/files\/2025\/06\/WhatsApp-Image-2025-05-29-at-14.23.30-1-300x225.jpeg\" alt=\"\" width=\"300\" height=\"225\" srcset=\"https:\/\/blogsaverroes.juntadeandalucia.es\/iesllano\/files\/2025\/06\/WhatsApp-Image-2025-05-29-at-14.23.30-1-300x225.jpeg 300w, https:\/\/blogsaverroes.juntadeandalucia.es\/iesllano\/files\/2025\/06\/WhatsApp-Image-2025-05-29-at-14.23.30-1-1024x768.jpeg 1024w, https:\/\/blogsaverroes.juntadeandalucia.es\/iesllano\/files\/2025\/06\/WhatsApp-Image-2025-05-29-at-14.23.30-1-768x576.jpeg 768w, https:\/\/blogsaverroes.juntadeandalucia.es\/iesllano\/files\/2025\/06\/WhatsApp-Image-2025-05-29-at-14.23.30-1-1536x1152.jpeg 1536w, https:\/\/blogsaverroes.juntadeandalucia.es\/iesllano\/files\/2025\/06\/WhatsApp-Image-2025-05-29-at-14.23.30-1.jpeg 1600w\" sizes=\"(max-width: 300px) 100vw, 300px\" \/><\/a> <a href=\"https:\/\/blogsaverroes.juntadeandalucia.es\/iesllano\/files\/2025\/06\/WhatsApp-Image-2025-05-29-at-14.23.27.jpeg\" rel=\"prettyPhoto[4654]\"><img loading=\"lazy\" decoding=\"async\" class=\"alignnone size-medium wp-image-4676\" src=\"https:\/\/blogsaverroes.juntadeandalucia.es\/iesllano\/files\/2025\/06\/WhatsApp-Image-2025-05-29-at-14.23.27-225x300.jpeg\" alt=\"\" width=\"225\" height=\"300\" srcset=\"https:\/\/blogsaverroes.juntadeandalucia.es\/iesllano\/files\/2025\/06\/WhatsApp-Image-2025-05-29-at-14.23.27-225x300.jpeg 225w, https:\/\/blogsaverroes.juntadeandalucia.es\/iesllano\/files\/2025\/06\/WhatsApp-Image-2025-05-29-at-14.23.27-768x1024.jpeg 768w, https:\/\/blogsaverroes.juntadeandalucia.es\/iesllano\/files\/2025\/06\/WhatsApp-Image-2025-05-29-at-14.23.27-1152x1536.jpeg 1152w, https:\/\/blogsaverroes.juntadeandalucia.es\/iesllano\/files\/2025\/06\/WhatsApp-Image-2025-05-29-at-14.23.27.jpeg 1200w\" sizes=\"(max-width: 225px) 100vw, 225px\" \/><\/a> <a href=\"https:\/\/blogsaverroes.juntadeandalucia.es\/iesllano\/files\/2025\/06\/WhatsApp-Image-2025-05-29-at-14.23.30.jpeg\" rel=\"prettyPhoto[4654]\"><img loading=\"lazy\" decoding=\"async\" class=\"alignnone size-medium wp-image-4677\" src=\"https:\/\/blogsaverroes.juntadeandalucia.es\/iesllano\/files\/2025\/06\/WhatsApp-Image-2025-05-29-at-14.23.30-300x225.jpeg\" alt=\"\" width=\"300\" height=\"225\" srcset=\"https:\/\/blogsaverroes.juntadeandalucia.es\/iesllano\/files\/2025\/06\/WhatsApp-Image-2025-05-29-at-14.23.30-300x225.jpeg 300w, https:\/\/blogsaverroes.juntadeandalucia.es\/iesllano\/files\/2025\/06\/WhatsApp-Image-2025-05-29-at-14.23.30-1024x768.jpeg 1024w, https:\/\/blogsaverroes.juntadeandalucia.es\/iesllano\/files\/2025\/06\/WhatsApp-Image-2025-05-29-at-14.23.30-768x576.jpeg 768w, https:\/\/blogsaverroes.juntadeandalucia.es\/iesllano\/files\/2025\/06\/WhatsApp-Image-2025-05-29-at-14.23.30-1536x1152.jpeg 1536w, https:\/\/blogsaverroes.juntadeandalucia.es\/iesllano\/files\/2025\/06\/WhatsApp-Image-2025-05-29-at-14.23.30.jpeg 1600w\" sizes=\"(max-width: 300px) 100vw, 300px\" \/><\/a><\/p>\n","protected":false},"excerpt":{"rendered":"<p>Con motivo del D\u00eda Internacional Contra la LGTBI FOBIA, celebrado el pasado 17 de mayo, el alumnado mediador de conflicto de 3\u00ba de ESO llev\u00f3 a cabo un taller de sensibilizaci\u00f3n en diferentes cursos. La finalidad de esta actividad fue profundizar en el conocimiento sobre la diversidad sexual diferenciando nuestro sexo biol\u00f3gico, identidad sexual, orientaci\u00f3n [&hellip;]<\/p>\n","protected":false},"author":20461,"featured_media":4690,"comment_status":"open","ping_status":"open","sticky":false,"template":"","format":"standard","meta":{"ngg_post_thumbnail":0,"footnotes":""},"categories":[25510,11909],"tags":[],"aioseo_notices":[],"_links":{"self":[{"href":"https:\/\/blogsaverroes.juntadeandalucia.es\/iesllano\/wp-json\/wp\/v2\/posts\/4654"}],"collection":[{"href":"https:\/\/blogsaverroes.juntadeandalucia.es\/iesllano\/wp-json\/wp\/v2\/posts"}],"about":[{"href":"https:\/\/blogsaverroes.juntadeandalucia.es\/iesllano\/wp-json\/wp\/v2\/types\/post"}],"author":[{"embeddable":true,"href":"https:\/\/blogsaverroes.juntadeandalucia.es\/iesllano\/wp-json\/wp\/v2\/users\/20461"}],"replies":[{"embeddable":true,"href":"https:\/\/blogsaverroes.juntadeandalucia.es\/iesllano\/wp-json\/wp\/v2\/comments?post=4654"}],"version-history":[{"count":6,"href":"https:\/\/blogsaverroes.juntadeandalucia.es\/iesllano\/wp-json\/wp\/v2\/posts\/4654\/revisions"}],"predecessor-version":[{"id":4691,"href":"https:\/\/blogsaverroes.juntadeandalucia.es\/iesllano\/wp-json\/wp\/v2\/posts\/4654\/revisions\/4691"}],"wp:featuredmedia":[{"embeddable":true,"href":"https:\/\/blogsaverroes.juntadeandalucia.es\/iesllano\/wp-json\/wp\/v2\/media\/4690"}],"wp:attachment":[{"href":"https:\/\/blogsaverroes.juntadeandalucia.es\/iesllano\/wp-json\/wp\/v2\/media?parent=4654"}],"wp:term":[{"taxonomy":"category","embeddable":true,"href":"https:\/\/blogsaverroes.juntadeandalucia.es\/iesllano\/wp-json\/wp\/v2\/categories?post=4654"},{"taxonomy":"post_tag","embeddable":true,"href":"https:\/\/blogsaverroes.juntadeandalucia.es\/iesllano\/wp-json\/wp\/v2\/tags?post=4654"}],"curies":[{"name":"wp","href":"https:\/\/api.w.org\/{rel}","templated":true}]}}