{"id":5108,"date":"2026-04-01T07:45:44","date_gmt":"2026-04-01T07:45:44","guid":{"rendered":"https:\/\/blogsaverroes.juntadeandalucia.es\/iesllano\/?p=5108"},"modified":"2026-03-27T07:51:21","modified_gmt":"2026-03-27T07:51:21","slug":"curso-de-competencia-digital-docente-b2","status":"publish","type":"post","link":"https:\/\/blogsaverroes.juntadeandalucia.es\/iesllano\/curso-de-competencia-digital-docente-b2\/","title":{"rendered":"Curso de Competencia Digital Docente B2"},"content":{"rendered":"<p>Se ofrece un curso a distancia para la obtenci\u00f3n de la certificaci\u00f3n B2 de competencia digital docente (CDD).<\/p>\n<p>Fecha de inscripci\u00f3n: hasta el 13 de abril de 2026<\/p>\n<p>Desarrollo de la actividad: del 20 de abril al 19 de junio de 2026.<\/p>\n<p><a href=\"https:\/\/secretariavirtual.juntadeandalucia.es\/secretariavirtual\/consultaCEP\/actividad\/269910KPF419\/\" target=\"_blank\" rel=\"noopener\">M\u00e1s informaci\u00f3n e inscripci\u00f3n en este enlace<\/a><\/p>\n","protected":false},"excerpt":{"rendered":"<p>Se ofrece un curso a distancia para la obtenci\u00f3n de la certificaci\u00f3n B2 de competencia digital docente (CDD). Fecha de inscripci\u00f3n: hasta el 13 de abril de 2026 Desarrollo de la actividad: del 20 de abril al 19 de junio de 2026. M\u00e1s informaci\u00f3n e inscripci\u00f3n en este enlace<\/p>\n","protected":false},"author":4306,"featured_media":4828,"comment_status":"open","ping_status":"open","sticky":false,"template":"","format":"standard","meta":{"ngg_post_thumbnail":0,"footnotes":""},"categories":[1737748,1737848],"tags":[1737795,1737770],"aioseo_notices":[],"_links":{"self":[{"href":"https:\/\/blogsaverroes.juntadeandalucia.es\/iesllano\/wp-json\/wp\/v2\/posts\/5108"}],"collection":[{"href":"https:\/\/blogsaverroes.juntadeandalucia.es\/iesllano\/wp-json\/wp\/v2\/posts"}],"about":[{"href":"https:\/\/blogsaverroes.juntadeandalucia.es\/iesllano\/wp-json\/wp\/v2\/types\/post"}],"author":[{"embeddable":true,"href":"https:\/\/blogsaverroes.juntadeandalucia.es\/iesllano\/wp-json\/wp\/v2\/users\/4306"}],"replies":[{"embeddable":true,"href":"https:\/\/blogsaverroes.juntadeandalucia.es\/iesllano\/wp-json\/wp\/v2\/comments?post=5108"}],"version-history":[{"count":3,"href":"https:\/\/blogsaverroes.juntadeandalucia.es\/iesllano\/wp-json\/wp\/v2\/posts\/5108\/revisions"}],"predecessor-version":[{"id":5111,"href":"https:\/\/blogsaverroes.juntadeandalucia.es\/iesllano\/wp-json\/wp\/v2\/posts\/5108\/revisions\/5111"}],"wp:featuredmedia":[{"embeddable":true,"href":"https:\/\/blogsaverroes.juntadeandalucia.es\/iesllano\/wp-json\/wp\/v2\/media\/4828"}],"wp:attachment":[{"href":"https:\/\/blogsaverroes.juntadeandalucia.es\/iesllano\/wp-json\/wp\/v2\/media?parent=5108"}],"wp:term":[{"taxonomy":"category","embeddable":true,"href":"https:\/\/blogsaverroes.juntadeandalucia.es\/iesllano\/wp-json\/wp\/v2\/categories?post=5108"},{"taxonomy":"post_tag","embeddable":true,"href":"https:\/\/blogsaverroes.juntadeandalucia.es\/iesllano\/wp-json\/wp\/v2\/tags?post=5108"}],"curies":[{"name":"wp","href":"https:\/\/api.w.org\/{rel}","templated":true}]}}