{"id":3286,"date":"2022-05-26T19:17:11","date_gmt":"2022-05-26T17:17:11","guid":{"rendered":"http:\/\/blogsaverroes.juntadeandalucia.es\/iesloscolegiales\/?p=3286"},"modified":"2022-05-26T19:17:11","modified_gmt":"2022-05-26T17:17:11","slug":"adjudicacion-de-plaza-a-alumnado-no-admitido-en-centro-solicitado-como-prioritario-eso-y-bachillerato-2022-2023","status":"publish","type":"post","link":"https:\/\/blogsaverroes.juntadeandalucia.es\/iesloscolegiales\/adjudicacion-de-plaza-a-alumnado-no-admitido-en-centro-solicitado-como-prioritario-eso-y-bachillerato-2022-2023\/","title":{"rendered":"Adjudicaci\u00f3n de plaza a alumnado no admitido en centro solicitado como prioritario &#8211; ESO y Bachillerato 2022-2023"},"content":{"rendered":"<p>Se ha publicado la <strong>adjudicaci\u00f3n de plaza<\/strong> para aquellos alumnos que solicitaron plaza para <strong>ESO<\/strong> o <strong>Bachillerato<\/strong> para el pr\u00f3ximo <strong>curso 2022-2023<\/strong>, y que no resultaron admitidos en el centro solicitado como prioritario.<\/p>\n<p>La adjudicaci\u00f3n se puede consultar en la <a href=\"https:\/\/www.juntadeandalucia.es\/educacion\/secretariavirtual\/accesoConsultas\/1229\/\" target=\"_blank\" rel=\"noopener noreferrer\">SECRETAR\u00cdA VIRTUAL<\/a> de los centros docentes andaluces, o bien en el tabl\u00f3n de nuestro centro.<\/p>\n<p>Se recuerda que todo el alumnado admitido debe formalizar <strong>matr\u00edcula entre el 1 y el 10 de julio<\/strong>.<\/p>\n","protected":false},"excerpt":{"rendered":"<p>Se ha publicado la adjudicaci\u00f3n de plaza para aquellos alumnos que solicitaron plaza para ESO o Bachillerato para el pr\u00f3ximo curso 2022-2023, y que no resultaron admitidos en el centro solicitado como prioritario. La adjudicaci\u00f3n se puede consultar en la SECRETAR\u00cdA VIRTUAL de los centros docentes andaluces, o bien en el tabl\u00f3n de nuestro centro. Se recuerda que todo el alumnado admitido debe formalizar matr\u00edcula entre el 1 y el 10 de julio.<\/p>\n","protected":false},"author":13835,"featured_media":0,"comment_status":"closed","ping_status":"closed","sticky":false,"template":"","format":"standard","meta":{"ngg_post_thumbnail":0,"footnotes":""},"categories":[421140,526],"tags":[],"aioseo_notices":[],"_links":{"self":[{"href":"https:\/\/blogsaverroes.juntadeandalucia.es\/iesloscolegiales\/wp-json\/wp\/v2\/posts\/3286"}],"collection":[{"href":"https:\/\/blogsaverroes.juntadeandalucia.es\/iesloscolegiales\/wp-json\/wp\/v2\/posts"}],"about":[{"href":"https:\/\/blogsaverroes.juntadeandalucia.es\/iesloscolegiales\/wp-json\/wp\/v2\/types\/post"}],"author":[{"embeddable":true,"href":"https:\/\/blogsaverroes.juntadeandalucia.es\/iesloscolegiales\/wp-json\/wp\/v2\/users\/13835"}],"replies":[{"embeddable":true,"href":"https:\/\/blogsaverroes.juntadeandalucia.es\/iesloscolegiales\/wp-json\/wp\/v2\/comments?post=3286"}],"version-history":[{"count":1,"href":"https:\/\/blogsaverroes.juntadeandalucia.es\/iesloscolegiales\/wp-json\/wp\/v2\/posts\/3286\/revisions"}],"predecessor-version":[{"id":3287,"href":"https:\/\/blogsaverroes.juntadeandalucia.es\/iesloscolegiales\/wp-json\/wp\/v2\/posts\/3286\/revisions\/3287"}],"wp:attachment":[{"href":"https:\/\/blogsaverroes.juntadeandalucia.es\/iesloscolegiales\/wp-json\/wp\/v2\/media?parent=3286"}],"wp:term":[{"taxonomy":"category","embeddable":true,"href":"https:\/\/blogsaverroes.juntadeandalucia.es\/iesloscolegiales\/wp-json\/wp\/v2\/categories?post=3286"},{"taxonomy":"post_tag","embeddable":true,"href":"https:\/\/blogsaverroes.juntadeandalucia.es\/iesloscolegiales\/wp-json\/wp\/v2\/tags?post=3286"}],"curies":[{"name":"wp","href":"https:\/\/api.w.org\/{rel}","templated":true}]}}