{"id":3569,"date":"2023-01-18T12:31:08","date_gmt":"2023-01-18T11:31:08","guid":{"rendered":"http:\/\/blogsaverroes.juntadeandalucia.es\/iesloscolegiales\/?p=3569"},"modified":"2023-01-18T12:31:08","modified_gmt":"2023-01-18T11:31:08","slug":"resolucion-definitiva-ayudas-individualizadas-al-transporte-curso-20-21","status":"publish","type":"post","link":"https:\/\/blogsaverroes.juntadeandalucia.es\/iesloscolegiales\/resolucion-definitiva-ayudas-individualizadas-al-transporte-curso-20-21\/","title":{"rendered":"Resoluci\u00f3n Definitiva Ayudas Individualizadas al Transporte curso 20-21"},"content":{"rendered":"<p>Se ha publicado el 16 de enero de 2023 la Resoluci\u00f3n Definitiva de la convocatoria de Ayudas Individualizadas para el <span class=\"il\">Transporte<\/span>\u00a0Escolar 2020-2021.<\/p>\n<p>Los alumnos podr\u00e1n consultar el estado de su solicitud en el portal web de becas y ayudas al estudio, <a href=\"https:\/\/apl.ced.junta-andalucia.es\/educacion\/apl\/consultaAITE\/\" target=\"_blank\" rel=\"noopener noreferrer\">\u2018Consulta e Informaci\u00f3n\u2019<\/a>, introduciendo\u00a0su NIF o NIE y la fecha de nacimiento del alumno\/a para el que se solicit\u00f3 la ayuda.<\/p>\n<p>Si ha resultado beneficiario, desde el centro nos pondremos en contacto con usted cuando est\u00e9 disponible el tal\u00f3n correspondiente para el cobro.<\/p>\n<p>Esta Resoluci\u00f3n agota la v\u00eda administrativa, pudiendo interponerse contra la misma, potestativamente, recurso de reposici\u00f3n ante la Direcci\u00f3n General de Ordenaci\u00f3n, Inclusi\u00f3n, Participaci\u00f3n y Evaluaci\u00f3n Educativa, en el plazo de un mes desde el d\u00eda siguiente al de su notificaci\u00f3n (del 17 de enero al 16 de febrero). Dichos recursos podr\u00e1n presentarse, a trav\u00e9s de la secretar\u00eda virtual (<a href=\"https:\/\/www.juntadeandalucia.es\/educacion\/secretariavirtual\" target=\"_blank\" rel=\"noopener noreferrer\" data-saferedirecturl=\"https:\/\/www.google.com\/url?q=https:\/\/www.juntadeandalucia.es\/educacion\/secretariavirtual&amp;source=gmail&amp;ust=1674115029317000&amp;usg=AOvVaw23yokBzYWU3jifjqVkv8VO\">https:\/\/www.juntadeandalucia.es\/educacion\/secretariavirtual<\/a>).<\/p>\n","protected":false},"excerpt":{"rendered":"<p>Se ha publicado el 16 de enero de 2023 la Resoluci\u00f3n Definitiva de la convocatoria de Ayudas Individualizadas para el Transporte\u00a0Escolar 2020-2021. Los alumnos podr\u00e1n consultar el estado de su solicitud en el portal web de becas y ayudas al estudio, \u2018Consulta e Informaci\u00f3n\u2019, introduciendo\u00a0su NIF o NIE y la fecha de nacimiento del alumno\/a para el que se solicit\u00f3 la ayuda. Si ha resultado beneficiario, desde el centro nos pondremos en contacto con usted cuando est\u00e9 disponible el tal\u00f3n correspondiente para el cobro. Esta Resoluci\u00f3n agota la v\u00eda administrativa, pudiendo interponerse contra la misma, potestativamente, recurso de reposici\u00f3n ante&#46;&#46;&#46;<\/p>\n","protected":false},"author":13835,"featured_media":0,"comment_status":"closed","ping_status":"closed","sticky":false,"template":"","format":"standard","meta":{"ngg_post_thumbnail":0,"footnotes":""},"categories":[421143],"tags":[],"aioseo_notices":[],"_links":{"self":[{"href":"https:\/\/blogsaverroes.juntadeandalucia.es\/iesloscolegiales\/wp-json\/wp\/v2\/posts\/3569"}],"collection":[{"href":"https:\/\/blogsaverroes.juntadeandalucia.es\/iesloscolegiales\/wp-json\/wp\/v2\/posts"}],"about":[{"href":"https:\/\/blogsaverroes.juntadeandalucia.es\/iesloscolegiales\/wp-json\/wp\/v2\/types\/post"}],"author":[{"embeddable":true,"href":"https:\/\/blogsaverroes.juntadeandalucia.es\/iesloscolegiales\/wp-json\/wp\/v2\/users\/13835"}],"replies":[{"embeddable":true,"href":"https:\/\/blogsaverroes.juntadeandalucia.es\/iesloscolegiales\/wp-json\/wp\/v2\/comments?post=3569"}],"version-history":[{"count":1,"href":"https:\/\/blogsaverroes.juntadeandalucia.es\/iesloscolegiales\/wp-json\/wp\/v2\/posts\/3569\/revisions"}],"predecessor-version":[{"id":3571,"href":"https:\/\/blogsaverroes.juntadeandalucia.es\/iesloscolegiales\/wp-json\/wp\/v2\/posts\/3569\/revisions\/3571"}],"wp:attachment":[{"href":"https:\/\/blogsaverroes.juntadeandalucia.es\/iesloscolegiales\/wp-json\/wp\/v2\/media?parent=3569"}],"wp:term":[{"taxonomy":"category","embeddable":true,"href":"https:\/\/blogsaverroes.juntadeandalucia.es\/iesloscolegiales\/wp-json\/wp\/v2\/categories?post=3569"},{"taxonomy":"post_tag","embeddable":true,"href":"https:\/\/blogsaverroes.juntadeandalucia.es\/iesloscolegiales\/wp-json\/wp\/v2\/tags?post=3569"}],"curies":[{"name":"wp","href":"https:\/\/api.w.org\/{rel}","templated":true}]}}