{"id":4015,"date":"2023-09-12T18:26:57","date_gmt":"2023-09-12T16:26:57","guid":{"rendered":"http:\/\/blogsaverroes.juntadeandalucia.es\/iesloscolegiales\/?p=4015"},"modified":"2023-09-12T20:44:23","modified_gmt":"2023-09-12T18:44:23","slug":"inicio-de-curso-2023-2024","status":"publish","type":"post","link":"https:\/\/blogsaverroes.juntadeandalucia.es\/iesloscolegiales\/inicio-de-curso-2023-2024\/","title":{"rendered":"Inicio de Curso 2023-2024"},"content":{"rendered":"<p>El pr\u00f3ximo <strong>VIERNES 15 DE SEPTIEMBRE<\/strong> comienzan las actividades lectivas en todas las ense\u00f1anzas impartidas en nuestro centro. Como es habitual se har\u00e1 una entrada escalonada seg\u00fan el siguiente horario:<\/p>\n<p style=\"padding-left: 40px\"><strong>12:00<\/strong> horas &#8211; Recepci\u00f3n del alumnado de la <strong>ESO<\/strong>.<\/p>\n<p style=\"padding-left: 40px\"><strong>13:00<\/strong> horas &#8211; Recepci\u00f3n al resto del alumnado (<strong>Bachillerato<\/strong>, <strong>Ciclos Formativos de Grado B\u00e1sico, Medio y Superior<\/strong>, y<strong> Curso de Acceso a Ciclos de Grado Medio<\/strong>).<\/p>\n<p>La hora de <strong>salida<\/strong> para todo el alumnado ser\u00e1 a las<strong> 15:00 <\/strong>(salvo el Curso de Acceso que termina a las 14:00).<\/p>\n<p>Se recuerda que tanto el Ciclo Formativo de Grado Medio de Cuidados Auxiliares de Enfermer\u00eda como el de Grado Superior de Anatom\u00eda Patol\u00f3gica y Citodiagn\u00f3stico est\u00e1n ubicados en las instalaciones del CEIP San Juan, en Carretera de El Valle, s\/n. Todo el alumnado residente en Antequera matriculado en esos ciclos tiene derecho al Servicio de Transporte Escolar desde nuestro IES hasta San Juan. Si desean hacer uso de este servicio el primer d\u00eda de clase deben estar en la explanada junto al centro (donde se instala el mercadillo) antes de las 12:45.<\/p>\n<p>A partir del lunes 18 de septiembre todos los cursos seguir\u00e1n su horario regular de clases (de 8:30 a 15:00, salvo el Curso de Acceso cuyo horario es de 9:30 a 14:00).<\/p>\n","protected":false},"excerpt":{"rendered":"<p>El pr\u00f3ximo VIERNES 15 DE SEPTIEMBRE comienzan las actividades lectivas en todas las ense\u00f1anzas impartidas en nuestro centro. Como es habitual se har\u00e1 una entrada escalonada seg\u00fan el siguiente horario: 12:00 horas &#8211; Recepci\u00f3n del alumnado de la ESO. 13:00 horas &#8211; Recepci\u00f3n al resto del alumnado (Bachillerato, Ciclos Formativos de Grado B\u00e1sico, Medio y Superior, y Curso de Acceso a Ciclos de Grado Medio). La hora de salida para todo el alumnado ser\u00e1 a las 15:00 (salvo el Curso de Acceso que termina a las 14:00). Se recuerda que tanto el Ciclo Formativo de Grado Medio de Cuidados Auxiliares&#46;&#46;&#46;<\/p>\n","protected":false},"author":13835,"featured_media":0,"comment_status":"closed","ping_status":"closed","sticky":false,"template":"","format":"standard","meta":{"ngg_post_thumbnail":0,"footnotes":""},"categories":[421144,526],"tags":[],"aioseo_notices":[],"_links":{"self":[{"href":"https:\/\/blogsaverroes.juntadeandalucia.es\/iesloscolegiales\/wp-json\/wp\/v2\/posts\/4015"}],"collection":[{"href":"https:\/\/blogsaverroes.juntadeandalucia.es\/iesloscolegiales\/wp-json\/wp\/v2\/posts"}],"about":[{"href":"https:\/\/blogsaverroes.juntadeandalucia.es\/iesloscolegiales\/wp-json\/wp\/v2\/types\/post"}],"author":[{"embeddable":true,"href":"https:\/\/blogsaverroes.juntadeandalucia.es\/iesloscolegiales\/wp-json\/wp\/v2\/users\/13835"}],"replies":[{"embeddable":true,"href":"https:\/\/blogsaverroes.juntadeandalucia.es\/iesloscolegiales\/wp-json\/wp\/v2\/comments?post=4015"}],"version-history":[{"count":3,"href":"https:\/\/blogsaverroes.juntadeandalucia.es\/iesloscolegiales\/wp-json\/wp\/v2\/posts\/4015\/revisions"}],"predecessor-version":[{"id":4020,"href":"https:\/\/blogsaverroes.juntadeandalucia.es\/iesloscolegiales\/wp-json\/wp\/v2\/posts\/4015\/revisions\/4020"}],"wp:attachment":[{"href":"https:\/\/blogsaverroes.juntadeandalucia.es\/iesloscolegiales\/wp-json\/wp\/v2\/media?parent=4015"}],"wp:term":[{"taxonomy":"category","embeddable":true,"href":"https:\/\/blogsaverroes.juntadeandalucia.es\/iesloscolegiales\/wp-json\/wp\/v2\/categories?post=4015"},{"taxonomy":"post_tag","embeddable":true,"href":"https:\/\/blogsaverroes.juntadeandalucia.es\/iesloscolegiales\/wp-json\/wp\/v2\/tags?post=4015"}],"curies":[{"name":"wp","href":"https:\/\/api.w.org\/{rel}","templated":true}]}}