{"id":4064,"date":"2024-01-09T09:41:12","date_gmt":"2024-01-09T08:41:12","guid":{"rendered":"http:\/\/blogsaverroes.juntadeandalucia.es\/iesloscolegiales\/?p=4064"},"modified":"2024-01-09T09:41:47","modified_gmt":"2024-01-09T08:41:47","slug":"resolucion-ayudas-al-desplazamiento-para-fct-y-fp-dual-curso-2022-2023","status":"publish","type":"post","link":"https:\/\/blogsaverroes.juntadeandalucia.es\/iesloscolegiales\/resolucion-ayudas-al-desplazamiento-para-fct-y-fp-dual-curso-2022-2023\/","title":{"rendered":"Resoluci\u00f3n Ayudas al Desplazamiento para FCT y FP Dual Curso 2022-2023"},"content":{"rendered":"<p>Con fecha 8 de enero de 2024\u00a0 se ha realizado la publicaci\u00f3n de las resoluciones definitivas por las que se conceden ayudas por desplazamiento al alumnado de centros docentes sostenidos con fondos p\u00fablicos que ha realizado el m\u00f3dulo profesional de Formaci\u00f3n en Centros de Trabajo o la formaci\u00f3n pr\u00e1ctica en la Formaci\u00f3n Profesional Dual en el curso acad\u00e9mico 2022\/20223. La consulta individualizada est\u00e1 disponible a trav\u00e9s del siguiente <a href=\"https:\/\/www.juntadeandalucia.es\/educacion\/secretariavirtual\/accesoConsultas\/1556\/\" target=\"_blank\" rel=\"noopener noreferrer\">enlace a la Secretar\u00eda Virtual<\/a>.<\/p>\n","protected":false},"excerpt":{"rendered":"<p>Con fecha 8 de enero de 2024\u00a0 se ha realizado la publicaci\u00f3n de las resoluciones definitivas por las que se conceden ayudas por desplazamiento al alumnado de centros docentes sostenidos con fondos p\u00fablicos que ha realizado el m\u00f3dulo profesional de Formaci\u00f3n en Centros de Trabajo o la formaci\u00f3n pr\u00e1ctica en la Formaci\u00f3n Profesional Dual en el curso acad\u00e9mico 2022\/20223. La consulta individualizada est\u00e1 disponible a trav\u00e9s del siguiente enlace a la Secretar\u00eda Virtual.<\/p>\n","protected":false},"author":13835,"featured_media":0,"comment_status":"closed","ping_status":"closed","sticky":false,"template":"","format":"standard","meta":{"ngg_post_thumbnail":0,"footnotes":""},"categories":[11909],"tags":[],"aioseo_notices":[],"_links":{"self":[{"href":"https:\/\/blogsaverroes.juntadeandalucia.es\/iesloscolegiales\/wp-json\/wp\/v2\/posts\/4064"}],"collection":[{"href":"https:\/\/blogsaverroes.juntadeandalucia.es\/iesloscolegiales\/wp-json\/wp\/v2\/posts"}],"about":[{"href":"https:\/\/blogsaverroes.juntadeandalucia.es\/iesloscolegiales\/wp-json\/wp\/v2\/types\/post"}],"author":[{"embeddable":true,"href":"https:\/\/blogsaverroes.juntadeandalucia.es\/iesloscolegiales\/wp-json\/wp\/v2\/users\/13835"}],"replies":[{"embeddable":true,"href":"https:\/\/blogsaverroes.juntadeandalucia.es\/iesloscolegiales\/wp-json\/wp\/v2\/comments?post=4064"}],"version-history":[{"count":2,"href":"https:\/\/blogsaverroes.juntadeandalucia.es\/iesloscolegiales\/wp-json\/wp\/v2\/posts\/4064\/revisions"}],"predecessor-version":[{"id":4066,"href":"https:\/\/blogsaverroes.juntadeandalucia.es\/iesloscolegiales\/wp-json\/wp\/v2\/posts\/4064\/revisions\/4066"}],"wp:attachment":[{"href":"https:\/\/blogsaverroes.juntadeandalucia.es\/iesloscolegiales\/wp-json\/wp\/v2\/media?parent=4064"}],"wp:term":[{"taxonomy":"category","embeddable":true,"href":"https:\/\/blogsaverroes.juntadeandalucia.es\/iesloscolegiales\/wp-json\/wp\/v2\/categories?post=4064"},{"taxonomy":"post_tag","embeddable":true,"href":"https:\/\/blogsaverroes.juntadeandalucia.es\/iesloscolegiales\/wp-json\/wp\/v2\/tags?post=4064"}],"curies":[{"name":"wp","href":"https:\/\/api.w.org\/{rel}","templated":true}]}}