{"id":4229,"date":"2024-10-08T10:24:32","date_gmt":"2024-10-08T08:24:32","guid":{"rendered":"https:\/\/blogsaverroes.juntadeandalucia.es\/iesloscolegiales\/?p=4229"},"modified":"2024-10-08T10:24:32","modified_gmt":"2024-10-08T08:24:32","slug":"resolucion-definitiva-ayudas-individualizadas-al-transporte-escolar-22-23","status":"publish","type":"post","link":"https:\/\/blogsaverroes.juntadeandalucia.es\/iesloscolegiales\/resolucion-definitiva-ayudas-individualizadas-al-transporte-escolar-22-23\/","title":{"rendered":"Resoluci\u00f3n Definitiva Ayudas Individualizadas al Transporte Escolar 22-23"},"content":{"rendered":"<p>Se ha publicado a d\u00eda 7 de octubre de 2024 la Resoluci\u00f3n Definitiva de la convocatoria de Ayudas Individualizadas para el Transporte Escolar 22-23.<\/p>\n<p>Pueden realizar la consulta del estado de su solicitud en <a href=\"https:\/\/www.juntadeandalucia.es\/educacion\/secretariavirtual\/accesoConsultas\/1615\/\" target=\"_blank\" rel=\"noopener\">este enlace a la Secretar\u00eda Virtual<\/a> introduciendo sus credenciales iAnde.<\/p>\n<p>Esta Resoluci\u00f3n agota la v\u00eda administrativa pudiendo interponerse recurso de reposici\u00f3n ante la Direcci\u00f3n General de Participaci\u00f3n e Inclusi\u00f3n Educativa, en el plazo de un mes desde el d\u00eda siguiente al de su notificaci\u00f3n (del 8 de octubre al 7 de noviembre de 2024). Dichos recursos se tendr\u00e1n que presentar a trav\u00e9s de la secretar\u00eda virtual de centros.<\/p>\n","protected":false},"excerpt":{"rendered":"<p>Se ha publicado a d\u00eda 7 de octubre de 2024 la Resoluci\u00f3n Definitiva de la convocatoria de Ayudas Individualizadas para el Transporte Escolar 22-23. Pueden realizar la consulta del estado de su solicitud en este enlace a la Secretar\u00eda Virtual introduciendo sus credenciales iAnde. Esta Resoluci\u00f3n agota la v\u00eda administrativa pudiendo interponerse recurso de reposici\u00f3n ante la Direcci\u00f3n General de Participaci\u00f3n e Inclusi\u00f3n Educativa, en el plazo de un mes desde el d\u00eda siguiente al de su notificaci\u00f3n (del 8 de octubre al 7 de noviembre de 2024). Dichos recursos se tendr\u00e1n que presentar a trav\u00e9s de la secretar\u00eda virtual&#46;&#46;&#46;<\/p>\n","protected":false},"author":13835,"featured_media":0,"comment_status":"closed","ping_status":"closed","sticky":false,"template":"","format":"standard","meta":{"ngg_post_thumbnail":0,"footnotes":""},"categories":[421143],"tags":[],"aioseo_notices":[],"_links":{"self":[{"href":"https:\/\/blogsaverroes.juntadeandalucia.es\/iesloscolegiales\/wp-json\/wp\/v2\/posts\/4229"}],"collection":[{"href":"https:\/\/blogsaverroes.juntadeandalucia.es\/iesloscolegiales\/wp-json\/wp\/v2\/posts"}],"about":[{"href":"https:\/\/blogsaverroes.juntadeandalucia.es\/iesloscolegiales\/wp-json\/wp\/v2\/types\/post"}],"author":[{"embeddable":true,"href":"https:\/\/blogsaverroes.juntadeandalucia.es\/iesloscolegiales\/wp-json\/wp\/v2\/users\/13835"}],"replies":[{"embeddable":true,"href":"https:\/\/blogsaverroes.juntadeandalucia.es\/iesloscolegiales\/wp-json\/wp\/v2\/comments?post=4229"}],"version-history":[{"count":1,"href":"https:\/\/blogsaverroes.juntadeandalucia.es\/iesloscolegiales\/wp-json\/wp\/v2\/posts\/4229\/revisions"}],"predecessor-version":[{"id":4230,"href":"https:\/\/blogsaverroes.juntadeandalucia.es\/iesloscolegiales\/wp-json\/wp\/v2\/posts\/4229\/revisions\/4230"}],"wp:attachment":[{"href":"https:\/\/blogsaverroes.juntadeandalucia.es\/iesloscolegiales\/wp-json\/wp\/v2\/media?parent=4229"}],"wp:term":[{"taxonomy":"category","embeddable":true,"href":"https:\/\/blogsaverroes.juntadeandalucia.es\/iesloscolegiales\/wp-json\/wp\/v2\/categories?post=4229"},{"taxonomy":"post_tag","embeddable":true,"href":"https:\/\/blogsaverroes.juntadeandalucia.es\/iesloscolegiales\/wp-json\/wp\/v2\/tags?post=4229"}],"curies":[{"name":"wp","href":"https:\/\/api.w.org\/{rel}","templated":true}]}}