{"id":4625,"date":"2026-03-23T20:57:47","date_gmt":"2026-03-23T19:57:47","guid":{"rendered":"https:\/\/blogsaverroes.juntadeandalucia.es\/iesloscolegiales\/?p=4625"},"modified":"2026-03-23T20:59:11","modified_gmt":"2026-03-23T19:59:11","slug":"4625-2","status":"publish","type":"post","link":"https:\/\/blogsaverroes.juntadeandalucia.es\/iesloscolegiales\/4625-2\/","title":{"rendered":"Ayudas Individualizadas para el Transporte Escolar 2025\/2026 &#8211; Abierto el plazo de solicitudes"},"content":{"rendered":"<p>Se informa que, con fecha 18 de marzo de 2026, la Consejer\u00eda de Desarrollo Educativo y Formaci\u00f3n Profesional ha publicado la Resoluci\u00f3n correspondiente a la convocatoria de <strong>Ayudas Individualizadas para el Transporte Escolar<\/strong> del curso <strong>2025-2026<\/strong> (curso actual). El plazo de solicitud estar\u00e1 abierto del <strong>19 de marzo de 2026 al 20 de abril de 2026<\/strong>.<\/p>\n<p>El alumnado podr\u00e1 tramitar su solicitud a trav\u00e9s de la <a href=\"https:\/\/secretariavirtual.juntadeandalucia.es\/secretariavirtual\/accesoTramite\/931\/\" target=\"_blank\" rel=\"noopener\">SECRETAR\u00cdA VIRTUAL<\/a>, utilizando su <strong>clave iANDE<\/strong>, que pueden consultar en los mensajes recibidos de Pasen.<\/p>\n<p>Asimismo, se recuerda que la convocatoria de Ayudas Individualizadas para el Transporte Escolar del curso 2024-2025 fue publicada el 5 de diciembre de 2025, y que ambas convocatorias ser\u00e1n resueltas a lo largo de 2026.<\/p>\n","protected":false},"excerpt":{"rendered":"<p>Se informa que, con fecha 18 de marzo de 2026, la Consejer\u00eda de Desarrollo Educativo y Formaci\u00f3n Profesional ha publicado la Resoluci\u00f3n correspondiente a la convocatoria de Ayudas Individualizadas para el Transporte Escolar del curso 2025-2026 (curso actual). El plazo de solicitud estar\u00e1 abierto del 19 de marzo de 2026 al 20 de abril de 2026. El alumnado podr\u00e1 tramitar su solicitud a trav\u00e9s de la SECRETAR\u00cdA VIRTUAL, utilizando su clave iANDE, que pueden consultar en los mensajes recibidos de Pasen. Asimismo, se recuerda que la convocatoria de Ayudas Individualizadas para el Transporte Escolar del curso 2024-2025 fue publicada el&#46;&#46;&#46;<\/p>\n","protected":false},"author":13835,"featured_media":0,"comment_status":"closed","ping_status":"closed","sticky":false,"template":"","format":"standard","meta":{"ngg_post_thumbnail":0,"footnotes":""},"categories":[421143,526],"tags":[],"aioseo_notices":[],"_links":{"self":[{"href":"https:\/\/blogsaverroes.juntadeandalucia.es\/iesloscolegiales\/wp-json\/wp\/v2\/posts\/4625"}],"collection":[{"href":"https:\/\/blogsaverroes.juntadeandalucia.es\/iesloscolegiales\/wp-json\/wp\/v2\/posts"}],"about":[{"href":"https:\/\/blogsaverroes.juntadeandalucia.es\/iesloscolegiales\/wp-json\/wp\/v2\/types\/post"}],"author":[{"embeddable":true,"href":"https:\/\/blogsaverroes.juntadeandalucia.es\/iesloscolegiales\/wp-json\/wp\/v2\/users\/13835"}],"replies":[{"embeddable":true,"href":"https:\/\/blogsaverroes.juntadeandalucia.es\/iesloscolegiales\/wp-json\/wp\/v2\/comments?post=4625"}],"version-history":[{"count":3,"href":"https:\/\/blogsaverroes.juntadeandalucia.es\/iesloscolegiales\/wp-json\/wp\/v2\/posts\/4625\/revisions"}],"predecessor-version":[{"id":4628,"href":"https:\/\/blogsaverroes.juntadeandalucia.es\/iesloscolegiales\/wp-json\/wp\/v2\/posts\/4625\/revisions\/4628"}],"wp:attachment":[{"href":"https:\/\/blogsaverroes.juntadeandalucia.es\/iesloscolegiales\/wp-json\/wp\/v2\/media?parent=4625"}],"wp:term":[{"taxonomy":"category","embeddable":true,"href":"https:\/\/blogsaverroes.juntadeandalucia.es\/iesloscolegiales\/wp-json\/wp\/v2\/categories?post=4625"},{"taxonomy":"post_tag","embeddable":true,"href":"https:\/\/blogsaverroes.juntadeandalucia.es\/iesloscolegiales\/wp-json\/wp\/v2\/tags?post=4625"}],"curies":[{"name":"wp","href":"https:\/\/api.w.org\/{rel}","templated":true}]}}