{"id":7761,"date":"2025-04-07T19:15:37","date_gmt":"2025-04-07T18:15:37","guid":{"rendered":"https:\/\/blogsaverroes.juntadeandalucia.es\/ieslosmolinosconil\/?p=7761"},"modified":"2025-04-08T21:28:09","modified_gmt":"2025-04-08T20:28:09","slug":"mallorca-2025","status":"publish","type":"post","link":"https:\/\/blogsaverroes.juntadeandalucia.es\/ieslosmolinosconil\/mallorca-2025\/","title":{"rendered":"Mallorca 2025"},"content":{"rendered":"<p style=\"text-align: center\">Nuestro viaje a Mallorca con el alumnado de 4\u00baESO ha sido una experiencia inolvidable, llena de paisajes espectaculares, convivencia, y momentos que quedar\u00e1n grabados en la memoria de todos. Desde los paseos por la playa en El Arenal hasta las excursiones culturales y los ratos de risas compartidas. Ha sido mucho m\u00e1s que un viaje: una oportunidad para crecer, reforzar lazos y cerrar esta etapa con la energ\u00eda y alegr\u00eda que se merece.<\/p>\n<p><a href=\"https:\/\/blogsaverroes.juntadeandalucia.es\/ieslosmolinosconil\/files\/2025\/04\/941F8618-3F38-416A-9218-81E8DA961EB3.jpeg\"><img loading=\"lazy\" decoding=\"async\" class=\"alignnone wp-image-7762 aligncenter\" src=\"https:\/\/blogsaverroes.juntadeandalucia.es\/ieslosmolinosconil\/files\/2025\/04\/941F8618-3F38-416A-9218-81E8DA961EB3-300x300.jpeg\" alt=\"\" width=\"476\" height=\"476\" srcset=\"https:\/\/blogsaverroes.juntadeandalucia.es\/ieslosmolinosconil\/files\/2025\/04\/941F8618-3F38-416A-9218-81E8DA961EB3-300x300.jpeg 300w, https:\/\/blogsaverroes.juntadeandalucia.es\/ieslosmolinosconil\/files\/2025\/04\/941F8618-3F38-416A-9218-81E8DA961EB3-1024x1024.jpeg 1024w, https:\/\/blogsaverroes.juntadeandalucia.es\/ieslosmolinosconil\/files\/2025\/04\/941F8618-3F38-416A-9218-81E8DA961EB3-150x150.jpeg 150w, https:\/\/blogsaverroes.juntadeandalucia.es\/ieslosmolinosconil\/files\/2025\/04\/941F8618-3F38-416A-9218-81E8DA961EB3-768x768.jpeg 768w, https:\/\/blogsaverroes.juntadeandalucia.es\/ieslosmolinosconil\/files\/2025\/04\/941F8618-3F38-416A-9218-81E8DA961EB3-1536x1536.jpeg 1536w, https:\/\/blogsaverroes.juntadeandalucia.es\/ieslosmolinosconil\/files\/2025\/04\/941F8618-3F38-416A-9218-81E8DA961EB3.jpeg 1600w\" sizes=\"(max-width: 476px) 100vw, 476px\" \/><\/a><\/p>\n<p><a href=\"https:\/\/blogsaverroes.juntadeandalucia.es\/ieslosmolinosconil\/files\/2025\/04\/A100B9E5-9D47-4511-8F58-4393C6B3C3F1.jpeg\"><img loading=\"lazy\" decoding=\"async\" class=\" wp-image-7763 aligncenter\" src=\"https:\/\/blogsaverroes.juntadeandalucia.es\/ieslosmolinosconil\/files\/2025\/04\/A100B9E5-9D47-4511-8F58-4393C6B3C3F1-300x300.jpeg\" alt=\"\" width=\"484\" height=\"484\" srcset=\"https:\/\/blogsaverroes.juntadeandalucia.es\/ieslosmolinosconil\/files\/2025\/04\/A100B9E5-9D47-4511-8F58-4393C6B3C3F1-300x300.jpeg 300w, https:\/\/blogsaverroes.juntadeandalucia.es\/ieslosmolinosconil\/files\/2025\/04\/A100B9E5-9D47-4511-8F58-4393C6B3C3F1-1024x1024.jpeg 1024w, https:\/\/blogsaverroes.juntadeandalucia.es\/ieslosmolinosconil\/files\/2025\/04\/A100B9E5-9D47-4511-8F58-4393C6B3C3F1-150x150.jpeg 150w, https:\/\/blogsaverroes.juntadeandalucia.es\/ieslosmolinosconil\/files\/2025\/04\/A100B9E5-9D47-4511-8F58-4393C6B3C3F1-768x768.jpeg 768w, https:\/\/blogsaverroes.juntadeandalucia.es\/ieslosmolinosconil\/files\/2025\/04\/A100B9E5-9D47-4511-8F58-4393C6B3C3F1-1536x1536.jpeg 1536w, https:\/\/blogsaverroes.juntadeandalucia.es\/ieslosmolinosconil\/files\/2025\/04\/A100B9E5-9D47-4511-8F58-4393C6B3C3F1.jpeg 1600w\" sizes=\"(max-width: 484px) 100vw, 484px\" \/><\/a><\/p>\n<p style=\"text-align: center\"><a href=\"https:\/\/blogsaverroes.juntadeandalucia.es\/ieslosmolinosconil\/files\/2025\/04\/8A28176A-DFF5-4F80-9433-009CC310CF06.jpeg\"><img loading=\"lazy\" decoding=\"async\" class=\"alignnone wp-image-7764\" src=\"https:\/\/blogsaverroes.juntadeandalucia.es\/ieslosmolinosconil\/files\/2025\/04\/8A28176A-DFF5-4F80-9433-009CC310CF06-300x300.jpeg\" alt=\"\" width=\"509\" height=\"509\" srcset=\"https:\/\/blogsaverroes.juntadeandalucia.es\/ieslosmolinosconil\/files\/2025\/04\/8A28176A-DFF5-4F80-9433-009CC310CF06-300x300.jpeg 300w, https:\/\/blogsaverroes.juntadeandalucia.es\/ieslosmolinosconil\/files\/2025\/04\/8A28176A-DFF5-4F80-9433-009CC310CF06-1024x1024.jpeg 1024w, https:\/\/blogsaverroes.juntadeandalucia.es\/ieslosmolinosconil\/files\/2025\/04\/8A28176A-DFF5-4F80-9433-009CC310CF06-150x150.jpeg 150w, https:\/\/blogsaverroes.juntadeandalucia.es\/ieslosmolinosconil\/files\/2025\/04\/8A28176A-DFF5-4F80-9433-009CC310CF06-768x768.jpeg 768w, https:\/\/blogsaverroes.juntadeandalucia.es\/ieslosmolinosconil\/files\/2025\/04\/8A28176A-DFF5-4F80-9433-009CC310CF06-1536x1536.jpeg 1536w, https:\/\/blogsaverroes.juntadeandalucia.es\/ieslosmolinosconil\/files\/2025\/04\/8A28176A-DFF5-4F80-9433-009CC310CF06.jpeg 1600w\" sizes=\"(max-width: 509px) 100vw, 509px\" \/><\/a><\/p>\n<p>&nbsp;<\/p>\n<p style=\"text-align: center\"><a href=\"https:\/\/blogsaverroes.juntadeandalucia.es\/ieslosmolinosconil\/files\/2025\/04\/4FE3A2DD-0049-486D-923A-30FECE3E0A81.jpeg\"><img loading=\"lazy\" decoding=\"async\" class=\"alignnone wp-image-7765\" src=\"https:\/\/blogsaverroes.juntadeandalucia.es\/ieslosmolinosconil\/files\/2025\/04\/4FE3A2DD-0049-486D-923A-30FECE3E0A81-300x300.jpeg\" alt=\"\" width=\"512\" height=\"512\" srcset=\"https:\/\/blogsaverroes.juntadeandalucia.es\/ieslosmolinosconil\/files\/2025\/04\/4FE3A2DD-0049-486D-923A-30FECE3E0A81-300x300.jpeg 300w, https:\/\/blogsaverroes.juntadeandalucia.es\/ieslosmolinosconil\/files\/2025\/04\/4FE3A2DD-0049-486D-923A-30FECE3E0A81-1024x1024.jpeg 1024w, https:\/\/blogsaverroes.juntadeandalucia.es\/ieslosmolinosconil\/files\/2025\/04\/4FE3A2DD-0049-486D-923A-30FECE3E0A81-150x150.jpeg 150w, https:\/\/blogsaverroes.juntadeandalucia.es\/ieslosmolinosconil\/files\/2025\/04\/4FE3A2DD-0049-486D-923A-30FECE3E0A81-768x768.jpeg 768w, https:\/\/blogsaverroes.juntadeandalucia.es\/ieslosmolinosconil\/files\/2025\/04\/4FE3A2DD-0049-486D-923A-30FECE3E0A81-1536x1536.jpeg 1536w, https:\/\/blogsaverroes.juntadeandalucia.es\/ieslosmolinosconil\/files\/2025\/04\/4FE3A2DD-0049-486D-923A-30FECE3E0A81.jpeg 1600w\" sizes=\"(max-width: 512px) 100vw, 512px\" \/><\/a><\/p>\n<p><a href=\"https:\/\/blogsaverroes.juntadeandalucia.es\/ieslosmolinosconil\/files\/2025\/04\/49485B10-2931-4A88-A5DF-85D124EC5844.jpeg\"><img loading=\"lazy\" decoding=\"async\" class=\"alignnone wp-image-7766 aligncenter\" src=\"https:\/\/blogsaverroes.juntadeandalucia.es\/ieslosmolinosconil\/files\/2025\/04\/49485B10-2931-4A88-A5DF-85D124EC5844-300x300.jpeg\" alt=\"\" width=\"499\" height=\"499\" srcset=\"https:\/\/blogsaverroes.juntadeandalucia.es\/ieslosmolinosconil\/files\/2025\/04\/49485B10-2931-4A88-A5DF-85D124EC5844-300x300.jpeg 300w, https:\/\/blogsaverroes.juntadeandalucia.es\/ieslosmolinosconil\/files\/2025\/04\/49485B10-2931-4A88-A5DF-85D124EC5844-1024x1024.jpeg 1024w, https:\/\/blogsaverroes.juntadeandalucia.es\/ieslosmolinosconil\/files\/2025\/04\/49485B10-2931-4A88-A5DF-85D124EC5844-150x150.jpeg 150w, https:\/\/blogsaverroes.juntadeandalucia.es\/ieslosmolinosconil\/files\/2025\/04\/49485B10-2931-4A88-A5DF-85D124EC5844-768x768.jpeg 768w, https:\/\/blogsaverroes.juntadeandalucia.es\/ieslosmolinosconil\/files\/2025\/04\/49485B10-2931-4A88-A5DF-85D124EC5844-1536x1536.jpeg 1536w, https:\/\/blogsaverroes.juntadeandalucia.es\/ieslosmolinosconil\/files\/2025\/04\/49485B10-2931-4A88-A5DF-85D124EC5844.jpeg 2048w\" sizes=\"(max-width: 499px) 100vw, 499px\" \/><\/a><\/p>\n<p>Visitamos lugares emblem\u00e1ticos como la catedral de Palma y el centro hist\u00f3rico, donde el alumnado pudo enriquecerse sobre su patrimonio y cultura. Tambi\u00e9n disfrutamos de un paseo en barco para conocer las islas cercanas desde otra perspectiva, y completamos la experiencia con actividades m\u00e1s l\u00fadicas como el paintball y una fiesta <strong>sana<\/strong>, actividades donde pudieron disfrutar y reforzar la cooperaci\u00f3n tambi\u00e9n.<\/p>\n","protected":false},"excerpt":{"rendered":"<p>Nuestro viaje a Mallorca con el alumnado de 4\u00baESO ha sido una experiencia inolvidable, llena de paisajes espectaculares, convivencia, y momentos que quedar\u00e1n grabados en&hellip;<\/p>\n","protected":false},"author":17640,"featured_media":7765,"comment_status":"open","ping_status":"open","sticky":false,"template":"","format":"standard","meta":{"ngg_post_thumbnail":0,"footnotes":""},"categories":[5991,421132],"tags":[],"aioseo_notices":[],"_links":{"self":[{"href":"https:\/\/blogsaverroes.juntadeandalucia.es\/ieslosmolinosconil\/wp-json\/wp\/v2\/posts\/7761"}],"collection":[{"href":"https:\/\/blogsaverroes.juntadeandalucia.es\/ieslosmolinosconil\/wp-json\/wp\/v2\/posts"}],"about":[{"href":"https:\/\/blogsaverroes.juntadeandalucia.es\/ieslosmolinosconil\/wp-json\/wp\/v2\/types\/post"}],"author":[{"embeddable":true,"href":"https:\/\/blogsaverroes.juntadeandalucia.es\/ieslosmolinosconil\/wp-json\/wp\/v2\/users\/17640"}],"replies":[{"embeddable":true,"href":"https:\/\/blogsaverroes.juntadeandalucia.es\/ieslosmolinosconil\/wp-json\/wp\/v2\/comments?post=7761"}],"version-history":[{"count":7,"href":"https:\/\/blogsaverroes.juntadeandalucia.es\/ieslosmolinosconil\/wp-json\/wp\/v2\/posts\/7761\/revisions"}],"predecessor-version":[{"id":7774,"href":"https:\/\/blogsaverroes.juntadeandalucia.es\/ieslosmolinosconil\/wp-json\/wp\/v2\/posts\/7761\/revisions\/7774"}],"wp:featuredmedia":[{"embeddable":true,"href":"https:\/\/blogsaverroes.juntadeandalucia.es\/ieslosmolinosconil\/wp-json\/wp\/v2\/media\/7765"}],"wp:attachment":[{"href":"https:\/\/blogsaverroes.juntadeandalucia.es\/ieslosmolinosconil\/wp-json\/wp\/v2\/media?parent=7761"}],"wp:term":[{"taxonomy":"category","embeddable":true,"href":"https:\/\/blogsaverroes.juntadeandalucia.es\/ieslosmolinosconil\/wp-json\/wp\/v2\/categories?post=7761"},{"taxonomy":"post_tag","embeddable":true,"href":"https:\/\/blogsaverroes.juntadeandalucia.es\/ieslosmolinosconil\/wp-json\/wp\/v2\/tags?post=7761"}],"curies":[{"name":"wp","href":"https:\/\/api.w.org\/{rel}","templated":true}]}}