{"id":7792,"date":"2025-04-21T12:08:36","date_gmt":"2025-04-21T11:08:36","guid":{"rendered":"https:\/\/blogsaverroes.juntadeandalucia.es\/ieslosmolinosconil\/?p=7792"},"modified":"2025-05-06T19:57:26","modified_gmt":"2025-05-06T18:57:26","slug":"charla-matematica","status":"publish","type":"post","link":"https:\/\/blogsaverroes.juntadeandalucia.es\/ieslosmolinosconil\/charla-matematica\/","title":{"rendered":"Charla matem\u00e1tica"},"content":{"rendered":"<p style=\"text-align: center\"><a href=\"https:\/\/blogsaverroes.juntadeandalucia.es\/ieslosmolinosconil\/files\/2025\/04\/IMG_6961.jpeg\"><img loading=\"lazy\" decoding=\"async\" class=\"alignnone wp-image-7795\" src=\"https:\/\/blogsaverroes.juntadeandalucia.es\/ieslosmolinosconil\/files\/2025\/04\/IMG_6961-225x300.jpeg\" alt=\"\" width=\"311\" height=\"415\" srcset=\"https:\/\/blogsaverroes.juntadeandalucia.es\/ieslosmolinosconil\/files\/2025\/04\/IMG_6961-225x300.jpeg 225w, https:\/\/blogsaverroes.juntadeandalucia.es\/ieslosmolinosconil\/files\/2025\/04\/IMG_6961-768x1025.jpeg 768w, https:\/\/blogsaverroes.juntadeandalucia.es\/ieslosmolinosconil\/files\/2025\/04\/IMG_6961-1151x1536.jpeg 1151w, https:\/\/blogsaverroes.juntadeandalucia.es\/ieslosmolinosconil\/files\/2025\/04\/IMG_6961-1535x2048.jpeg 1535w, https:\/\/blogsaverroes.juntadeandalucia.es\/ieslosmolinosconil\/files\/2025\/04\/IMG_6961.jpeg 1199w\" sizes=\"(max-width: 311px) 100vw, 311px\" \/><\/a>&nbsp; <a href=\"https:\/\/blogsaverroes.juntadeandalucia.es\/ieslosmolinosconil\/files\/2025\/04\/IMG_6963-1.jpeg\"><img loading=\"lazy\" decoding=\"async\" class=\"alignnone wp-image-7797\" src=\"https:\/\/blogsaverroes.juntadeandalucia.es\/ieslosmolinosconil\/files\/2025\/04\/IMG_6963-1-225x300.jpeg\" alt=\"\" width=\"310\" height=\"413\" srcset=\"https:\/\/blogsaverroes.juntadeandalucia.es\/ieslosmolinosconil\/files\/2025\/04\/IMG_6963-1-225x300.jpeg 225w, https:\/\/blogsaverroes.juntadeandalucia.es\/ieslosmolinosconil\/files\/2025\/04\/IMG_6963-1-768x1024.jpeg 768w, https:\/\/blogsaverroes.juntadeandalucia.es\/ieslosmolinosconil\/files\/2025\/04\/IMG_6963-1-1152x1536.jpeg 1152w, https:\/\/blogsaverroes.juntadeandalucia.es\/ieslosmolinosconil\/files\/2025\/04\/IMG_6963-1-1536x2048.jpeg 1536w, https:\/\/blogsaverroes.juntadeandalucia.es\/ieslosmolinosconil\/files\/2025\/04\/IMG_6963-1.jpeg 1200w\" sizes=\"(max-width: 310px) 100vw, 310px\" \/><\/a><\/p>\n<p>El pasado viernes antes de Semana Santa tuvimos la suerte de contar con la iniciativa tan positiva por parte de nuestro alumno A.M.M. de 4\u00baESO, impartiendo una charla sobre el mundo de las matem\u00e1ticas a aquellos y aquellas interesados\/as. Esto sigue una tradici\u00f3n que comenz\u00f3 el curso pasado, por nuestro alumno A.S. que tambi\u00e9n imparti\u00f3 una charla del mismo campo. Abajo incluimos un fragmento de la charla, que ocup\u00f3 unas dos horas.<\/p>\n<div style=\"width: 640px;\" class=\"wp-video\"><!--[if lt IE 9]><script>document.createElement('video');<\/script><![endif]-->\n<video class=\"wp-video-shortcode\" id=\"video-7792-1\" width=\"640\" height=\"480\" preload=\"metadata\" controls=\"controls\"><source type=\"video\/mp4\" src=\"https:\/\/blogsaverroes.juntadeandalucia.es\/ieslosmolinosconil\/files\/2025\/04\/Charla-p1-2025-04-11-134339.mp4?_=1\" \/><a href=\"https:\/\/blogsaverroes.juntadeandalucia.es\/ieslosmolinosconil\/files\/2025\/04\/Charla-p1-2025-04-11-134339.mp4\">https:\/\/blogsaverroes.juntadeandalucia.es\/ieslosmolinosconil\/files\/2025\/04\/Charla-p1-2025-04-11-134339.mp4<\/a><\/video><\/div>\n<p>&nbsp;<\/p>\n<div style=\"width: 640px;\" class=\"wp-video\"><video class=\"wp-video-shortcode\" id=\"video-7792-2\" width=\"640\" height=\"480\" preload=\"metadata\" controls=\"controls\"><source type=\"video\/mp4\" src=\"https:\/\/blogsaverroes.juntadeandalucia.es\/ieslosmolinosconil\/files\/2025\/04\/Charla2-copia-online-video-cutter.com11.mp4?_=2\" \/><a href=\"https:\/\/blogsaverroes.juntadeandalucia.es\/ieslosmolinosconil\/files\/2025\/04\/Charla2-copia-online-video-cutter.com11.mp4\">https:\/\/blogsaverroes.juntadeandalucia.es\/ieslosmolinosconil\/files\/2025\/04\/Charla2-copia-online-video-cutter.com11.mp4<\/a><\/video><\/div>\n<p>&nbsp;<\/p>\n","protected":false},"excerpt":{"rendered":"<p>&nbsp; El pasado viernes antes de Semana Santa tuvimos la suerte de contar con la iniciativa tan positiva por parte de nuestro alumno A.M.M. de&hellip;<\/p>\n","protected":false},"author":17640,"featured_media":7796,"comment_status":"open","ping_status":"open","sticky":false,"template":"","format":"standard","meta":{"ngg_post_thumbnail":0,"footnotes":""},"categories":[5991,665240],"tags":[],"aioseo_notices":[],"_links":{"self":[{"href":"https:\/\/blogsaverroes.juntadeandalucia.es\/ieslosmolinosconil\/wp-json\/wp\/v2\/posts\/7792"}],"collection":[{"href":"https:\/\/blogsaverroes.juntadeandalucia.es\/ieslosmolinosconil\/wp-json\/wp\/v2\/posts"}],"about":[{"href":"https:\/\/blogsaverroes.juntadeandalucia.es\/ieslosmolinosconil\/wp-json\/wp\/v2\/types\/post"}],"author":[{"embeddable":true,"href":"https:\/\/blogsaverroes.juntadeandalucia.es\/ieslosmolinosconil\/wp-json\/wp\/v2\/users\/17640"}],"replies":[{"embeddable":true,"href":"https:\/\/blogsaverroes.juntadeandalucia.es\/ieslosmolinosconil\/wp-json\/wp\/v2\/comments?post=7792"}],"version-history":[{"count":9,"href":"https:\/\/blogsaverroes.juntadeandalucia.es\/ieslosmolinosconil\/wp-json\/wp\/v2\/posts\/7792\/revisions"}],"predecessor-version":[{"id":7831,"href":"https:\/\/blogsaverroes.juntadeandalucia.es\/ieslosmolinosconil\/wp-json\/wp\/v2\/posts\/7792\/revisions\/7831"}],"wp:featuredmedia":[{"embeddable":true,"href":"https:\/\/blogsaverroes.juntadeandalucia.es\/ieslosmolinosconil\/wp-json\/wp\/v2\/media\/7796"}],"wp:attachment":[{"href":"https:\/\/blogsaverroes.juntadeandalucia.es\/ieslosmolinosconil\/wp-json\/wp\/v2\/media?parent=7792"}],"wp:term":[{"taxonomy":"category","embeddable":true,"href":"https:\/\/blogsaverroes.juntadeandalucia.es\/ieslosmolinosconil\/wp-json\/wp\/v2\/categories?post=7792"},{"taxonomy":"post_tag","embeddable":true,"href":"https:\/\/blogsaverroes.juntadeandalucia.es\/ieslosmolinosconil\/wp-json\/wp\/v2\/tags?post=7792"}],"curies":[{"name":"wp","href":"https:\/\/api.w.org\/{rel}","templated":true}]}}